{"id":349408,"date":"2025-03-06T02:54:46","date_gmt":"2025-03-06T05:54:46","guid":{"rendered":"https:\/\/www.notibras.com\/site\/?p=349408"},"modified":"2025-03-06T02:59:12","modified_gmt":"2025-03-06T05:59:12","slug":"crise-economica-ameaca-engenhos-de-pernambuco","status":"publish","type":"post","link":"https:\/\/www.notibras.com\/site\/crise-economica-ameaca-engenhos-de-pernambuco\/","title":{"rendered":"Crise econ\u00f4mica amea\u00e7a engenhos de Pernambuco"},"content":{"rendered":"<p>O cheiro doce da cana j\u00e1 n\u00e3o se espalha pelo ar como antes. Os antigos engenhos de Pernambuco, s\u00edmbolos de uma hist\u00f3ria de fartura e suor, vivem dias de incerteza. A crise econ\u00f4mica que assola o pa\u00eds aperta ainda mais o la\u00e7o no pesco\u00e7o dessas velhas moendas, que j\u00e1 rangem sob o peso dos tempos modernos.<\/p>\n<p>Por s\u00e9culos, esses engenhos foram o cora\u00e7\u00e3o pulsante da economia local. A cana-de-a\u00e7\u00facar moldou paisagens, ergueu cidades e sustentou gera\u00e7\u00f5es. Mas agora, entre d\u00edvidas impag\u00e1veis, custos elevados e concorr\u00eancia internacional, os engenhos sobrevivem \u00e0 base de teimosia e tradi\u00e7\u00e3o.<\/p>\n<p>Seu Jos\u00e9, dono do Engenho Santa Rita, lembra com nostalgia dos tempos em que caminh\u00f5es sa\u00edam carregados de sacas de a\u00e7\u00facar. &#8220;Hoje, a gente luta pra pagar a conta de luz&#8221;, diz, apontando para a moenda enferrujada, que j\u00e1 viu dias melhores. &#8220;Os filhos foram pra cidade, ningu\u00e9m quer mais saber da lida com a terra.&#8221;<\/p>\n<p>A mecaniza\u00e7\u00e3o do campo e a chegada de grandes grupos industriais mudaram o jogo. Pequenos e m\u00e9dios produtores enfrentam dificuldades para competir. O pre\u00e7o da cana oscila como mar\u00e9 braba, e os subs\u00eddios governamentais s\u00e3o apenas um al\u00edvio passageiro. Quem resiste, faz isso por amor \u2013 ou porque n\u00e3o conhece outro caminho.<\/p>\n<p>O que ser\u00e1 dos engenhos de Pernambuco? Ser\u00e3o apenas ru\u00ednas cobertas de mato, lembran\u00e7as em livros de hist\u00f3ria, ou encontrar\u00e3o um jeito de renascer? Enquanto isso, Seu Jos\u00e9 segue moendo o que pode, na esperan\u00e7a de que a pr\u00f3xima safra traga n\u00e3o s\u00f3 a\u00e7\u00facar, mas tamb\u00e9m um pouco de futuro.<\/p>\n","protected":false},"excerpt":{"rendered":"<p>O cheiro doce da cana j\u00e1 n\u00e3o se espalha pelo ar como antes. Os antigos engenhos de Pernambuco, s\u00edmbolos de uma hist\u00f3ria de fartura e suor, vivem dias de incerteza. A crise econ\u00f4mica que assola o pa\u00eds aperta ainda mais o la\u00e7o no pesco\u00e7o dessas velhas moendas, que j\u00e1 rangem sob o peso dos tempos [&hellip;]<\/p>\n","protected":false},"author":2,"featured_media":349410,"comment_status":"closed","ping_status":"closed","sticky":false,"template":"","format":"standard","meta":{"_acf_changed":false,"footnotes":""},"categories":[165],"tags":[],"class_list":["post-349408","post","type-post","status-publish","format-standard","has-post-thumbnail","hentry","category-nordeste"],"acf":[],"_links":{"self":[{"href":"https:\/\/www.notibras.com\/site\/wp-json\/wp\/v2\/posts\/349408","targetHints":{"allow":["GET"]}}],"collection":[{"href":"https:\/\/www.notibras.com\/site\/wp-json\/wp\/v2\/posts"}],"about":[{"href":"https:\/\/www.notibras.com\/site\/wp-json\/wp\/v2\/types\/post"}],"author":[{"embeddable":true,"href":"https:\/\/www.notibras.com\/site\/wp-json\/wp\/v2\/users\/2"}],"replies":[{"embeddable":true,"href":"https:\/\/www.notibras.com\/site\/wp-json\/wp\/v2\/comments?post=349408"}],"version-history":[{"count":1,"href":"https:\/\/www.notibras.com\/site\/wp-json\/wp\/v2\/posts\/349408\/revisions"}],"predecessor-version":[{"id":349411,"href":"https:\/\/www.notibras.com\/site\/wp-json\/wp\/v2\/posts\/349408\/revisions\/349411"}],"wp:featuredmedia":[{"embeddable":true,"href":"https:\/\/www.notibras.com\/site\/wp-json\/wp\/v2\/media\/349410"}],"wp:attachment":[{"href":"https:\/\/www.notibras.com\/site\/wp-json\/wp\/v2\/media?parent=349408"}],"wp:term":[{"taxonomy":"category","embeddable":true,"href":"https:\/\/www.notibras.com\/site\/wp-json\/wp\/v2\/categories?post=349408"},{"taxonomy":"post_tag","embeddable":true,"href":"https:\/\/www.notibras.com\/site\/wp-json\/wp\/v2\/tags?post=349408"}],"curies":[{"name":"wp","href":"https:\/\/api.w.org\/{rel}","templated":true}]}}