{"id":349412,"date":"2025-03-06T02:00:56","date_gmt":"2025-03-06T05:00:56","guid":{"rendered":"https:\/\/www.notibras.com\/site\/?p=349412"},"modified":"2025-03-06T03:18:43","modified_gmt":"2025-03-06T06:18:43","slug":"sangue-e-morte-marcam-fantasia-funebre-do-carnaval-pernambucano","status":"publish","type":"post","link":"https:\/\/www.notibras.com\/site\/sangue-e-morte-marcam-fantasia-funebre-do-carnaval-pernambucano\/","title":{"rendered":"Sangue e morte marcam fantasia f\u00fanebre do Carnaval pernambucano"},"content":{"rendered":"<p>Antes mesmo da divulga\u00e7\u00e3o dos n\u00fameros oficiais pela Secretaria de Defesa Social, o que dever\u00e1 ocorrer somente nesta quinta-feira (6), o Carnaval em Pernambuco foi dos mais violentos dos \u00faltimos anos. Somente na madrugada desta quarta-feira, em Olinda, pelo menos sete pessoas ficaram feridas, uma delas gravemente, durante a apresenta\u00e7\u00e3o do cantor Jo\u00e3o Gomes. Uma turista de S\u00e3o Paulo, de 37 anos, que n\u00e3o teve sua identidade revelada, atingida em sua veia femural, est\u00e1 em estado grave no Hospital da Restaura\u00e7\u00e3o.<\/p>\n<p>No s\u00e1bado, na abertura do Carnaval, um foli\u00e3o foi morto a tiros por um policial militar \u00e0 paisana durante o desfile do &#8220;Galo da Madrugada&#8221;. O desfile j\u00e1 se encerrava quando o caldeireiro Jo\u00e3o Amancio Neto, de 32 anos, interveio para retirar um amigo de uma discuss\u00e3o, iniciada por ele ter esbarrado em uma mulher, quando o companheiro dela disparou contra ele e seu amigo. Jo\u00e3o morreu na hora, com um tiro no peito, enquanto seu amigo foi hospitalizado com um tiro na altura do queixo. A PM n\u00e3o identificou o policial militar autor da agress\u00e3o.<\/p>\n<p>Em Itapissuma, munic\u00edpio da Regi\u00e3o Metropolitana do Recife, um adolescente e uma crian\u00e7a foram baleadas em meio ao desfile de um bloco carnavalesco. O rapaz de 16 anos levou um tiro no p\u00e9, enquanto, enquanto a crian\u00e7a de seis anos, em companhia dos pais, acompanhava a passagem do bloco quando foi atingido por um tiro no abd\u00f4men. Ap\u00f3s os primeiros atendimentos o menino foi transferido para um hospital particular no Recife, onde foi operado e passa bem, de acordo com seus familiares.<\/p>\n<p>Na Ilha de Itamarac\u00e1, tamb\u00e9m na Regi\u00e3o Metropolitana do Recife, na tarde de ter\u00e7a-feira, Jo\u00e3o Pedro Santos de Carvalho, de 27 anos, foi assassinado durante a passagem do bloco &#8220;As Catraias,&#8221; o mais tradicional da cidade. Ele estava acompanhado do irm\u00e3o g\u00eameo quando dois homens chegaram atirando, sem qualquer motiva\u00e7\u00e3o aparente. Os agressores foram presos em flagrante e escaparam de um linchamento pelos foli\u00f5es.<\/p>\n<p>Em Altinho, munic\u00edpio do Agreste, na madrugada de ter\u00e7a-feira, duas pessoas foram assassinadas, no momento em que um grupo estava ao lado da igreja matriz quando dois homens chegaram em uma moto e atiraram em Victor Manoel Feitosa da Silva, de 24 anos. A outra v\u00edtima, uma mulher identificada como Ruthyelly Santos de Lima, 21, acabou atingida por bala perdida.<\/p>\n<p>Os suspeitos do crime foram identificados pela popula\u00e7\u00e3o e acabaram linchados e queimados. Por causa do crime, a Prefeitura cancelou o \u00faltimo dia de festa. Gabriel Leonardo dos Santos Souza, 21, e Juadonias Augusto da Silva, 24, foram cercados pela popula\u00e7\u00e3o e agredidos at\u00e9 a morte. Depois, tiveram os corpos incendiados. A moto usada pela dupla tamb\u00e9m foi queimada.<\/p>\n<p>Segunda-feira, em Moreno, na Zona da Mata Sul, durante o desfile do &#8220;Bloco do Jacar\u00e9&#8221;, um tiroteio atingiu um homem e tr\u00eas mulheres. O homem de 24 anos foi levado para a Policl\u00ednica Beir\u00f3 Uch\u00f4a, onde morreu. O nome dele n\u00e3o foi divulgado. Uma mulher precisou ser socorrida e est\u00e1 internada no Hospital da Restaura\u00e7\u00e3o, no Recife, enquanto as outras duas tiveram ferimentos leves e n\u00e3o chegaram a ser hospitalizadas.<\/p>\n","protected":false},"excerpt":{"rendered":"<p>Antes mesmo da divulga\u00e7\u00e3o dos n\u00fameros oficiais pela Secretaria de Defesa Social, o que dever\u00e1 ocorrer somente nesta quinta-feira (6), o Carnaval em Pernambuco foi dos mais violentos dos \u00faltimos anos. Somente na madrugada desta quarta-feira, em Olinda, pelo menos sete pessoas ficaram feridas, uma delas gravemente, durante a apresenta\u00e7\u00e3o do cantor Jo\u00e3o Gomes. Uma [&hellip;]<\/p>\n","protected":false},"author":2,"featured_media":349413,"comment_status":"closed","ping_status":"closed","sticky":false,"template":"","format":"standard","meta":{"_acf_changed":false,"footnotes":""},"categories":[165],"tags":[],"class_list":["post-349412","post","type-post","status-publish","format-standard","has-post-thumbnail","hentry","category-nordeste"],"acf":[],"_links":{"self":[{"href":"https:\/\/www.notibras.com\/site\/wp-json\/wp\/v2\/posts\/349412","targetHints":{"allow":["GET"]}}],"collection":[{"href":"https:\/\/www.notibras.com\/site\/wp-json\/wp\/v2\/posts"}],"about":[{"href":"https:\/\/www.notibras.com\/site\/wp-json\/wp\/v2\/types\/post"}],"author":[{"embeddable":true,"href":"https:\/\/www.notibras.com\/site\/wp-json\/wp\/v2\/users\/2"}],"replies":[{"embeddable":true,"href":"https:\/\/www.notibras.com\/site\/wp-json\/wp\/v2\/comments?post=349412"}],"version-history":[{"count":1,"href":"https:\/\/www.notibras.com\/site\/wp-json\/wp\/v2\/posts\/349412\/revisions"}],"predecessor-version":[{"id":349414,"href":"https:\/\/www.notibras.com\/site\/wp-json\/wp\/v2\/posts\/349412\/revisions\/349414"}],"wp:featuredmedia":[{"embeddable":true,"href":"https:\/\/www.notibras.com\/site\/wp-json\/wp\/v2\/media\/349413"}],"wp:attachment":[{"href":"https:\/\/www.notibras.com\/site\/wp-json\/wp\/v2\/media?parent=349412"}],"wp:term":[{"taxonomy":"category","embeddable":true,"href":"https:\/\/www.notibras.com\/site\/wp-json\/wp\/v2\/categories?post=349412"},{"taxonomy":"post_tag","embeddable":true,"href":"https:\/\/www.notibras.com\/site\/wp-json\/wp\/v2\/tags?post=349412"}],"curies":[{"name":"wp","href":"https:\/\/api.w.org\/{rel}","templated":true}]}}