{"id":349415,"date":"2025-03-06T00:08:01","date_gmt":"2025-03-06T03:08:01","guid":{"rendered":"https:\/\/www.notibras.com\/site\/?p=349415"},"modified":"2025-03-06T03:29:26","modified_gmt":"2025-03-06T06:29:26","slug":"saiba-o-que-significa-o-periodo-da-quaresma-para-os-cristaos","status":"publish","type":"post","link":"https:\/\/www.notibras.com\/site\/saiba-o-que-significa-o-periodo-da-quaresma-para-os-cristaos\/","title":{"rendered":"Saiba o que significa o per\u00edodo da Quaresma para os crist\u00e3os"},"content":{"rendered":"<p>Com o encerramento do carnaval na Quarta-Feira de Cinzas, teve in\u00edcio o per\u00edodo da Quaresma para os crist\u00e3os. Mas, voc\u00ea sabe o que \u00e9 a Quaresma? Ela tem sua origem nos primeiros s\u00e9culos do Cristianismo, quando foi estabelecida a data da P\u00e1scoa. A Igreja Cat\u00f3lica instituiu um tempo de penit\u00eancia e prepara\u00e7\u00e3o para a P\u00e1scoa, observado entre a quarta-feira de cinzas e a quinta-feira santa, \u00e9poca sagrada para os crist\u00e3os.<\/p>\n<p>A contagem do per\u00edodo da Quaresma faz refer\u00eancia aos 40 dias em que Jesus Cristo esteve no deserto.<\/p>\n<p>Em 2025, a Quaresma vai at\u00e9 o dia 17 de abril, antes da celebra\u00e7\u00e3o da Quinta-feira Santa. Ap\u00f3s a Quinta-feira Santa, tem in\u00edcio um novo per\u00edodo, o chamado tr\u00edduo pascal, que compreende a sexta-feira santa, o s\u00e1bado de aleluia e o domingo de P\u00e1scoa.<\/p>\n<p>Para a Quaresma de 2025, o papa Francisco prop\u00f4s o lema Peregrinos da Esperan\u00e7a, para que os fi\u00e9is fa\u00e7am uma reflex\u00e3o sobre a f\u00e9, arrependimento, renova\u00e7\u00e3o espiritual, al\u00e9m de prepara\u00e7\u00e3o para a P\u00e1scoa. A Igreja orienta a pr\u00e1tica de penit\u00eancias como jejuns, obras de caridade e ora\u00e7\u00e3o.<\/p>\n<p>Para os fi\u00e9is, a quarta-feira de cinzas \u00e9 um dia em que se deve ir \u00e0 missa. Na cerim\u00f4nia, os fi\u00e9is s\u00e3o benzidos com um pouco de cinza proveniente de ramos queimados utilizados no Domingo de Ramos do ano anterior.<\/p>\n<p>Ao benzer os fi\u00e9is, o padre tra\u00e7a uma cruz de cinzas, enquanto recita as palavras Convertei-vos e crede no Evangelho, que sinaliza o estado de penit\u00eancia que o fiel dever\u00e1 guardar nos 40 dias seguintes, e representa a fragilidade humana.<\/p>\n<p>Na data da quarta-feira de cinzas, a Confer\u00eancia Nacional dos Bispos do Brasil (CNBB) promove o in\u00edcio da Campanha da Fraternidade. Este ano, a campanha vai abordar o tema Fraternidade e Ecologia Integral e o lema b\u00edblico, extra\u00eddo de Genesis 1, 31, Deus viu que tudo era muito bom.<\/p>\n<p>O ponto alto da campanha \u00e9 a Coleta da Solidariedade, feita em todas as comunidades do Brasil no Domingo de Ramos, que neste ano \u00e9 celebrado no dia 13 de abril. Os recursos s\u00e3o destinados a projetos sociais em todo o pa\u00eds.<\/p>\n<p>O papa Francisco enviou uma mensagem para felicitar a realiza\u00e7\u00e3o da campanha. Na mensagem encaminhada \u00e0 CNBB, Francisco chama aten\u00e7\u00e3o para a necessidade de mudan\u00e7a de atitude em rela\u00e7\u00e3o ao meio ambiente, diante da \u201ccrise ecol\u00f3gica\u201d.<\/p>\n<p>\u201cPor isso, louvo o esfor\u00e7o da Confer\u00eancia Episcopal em propor mais uma vez como horizonte o tema da ecologia, junto \u00e0 desejada convers\u00e3o pessoal de cada fiel a Cristo. Que todos n\u00f3s possamos, com o especial aux\u00edlio da gra\u00e7a de Deus neste tempo jubilar, mudar nossas convic\u00e7\u00f5es e pr\u00e1ticas para deixar que a natureza descanse das nossas explora\u00e7\u00f5es gananciosas\u201d, diz a mensagem.<\/p>\n<p>O papa frisou ainda que o tema da Campanha da Fraternidade deste ano expressa tamb\u00e9m a disponibilidade da Igreja no Brasil em dar a sua contribui\u00e7\u00e3o \u00e0 Confer\u00eancia das Na\u00e7\u00f5es Unidas sobre as Mudan\u00e7as Clim\u00e1ticas, a COP30, que ser\u00e1 realizada em Bel\u00e9m, no Par\u00e1, em novembro.<\/p>\n<p>A mensagem diz que a realiza\u00e7\u00e3o do evento no cora\u00e7\u00e3o da Amaz\u00f4nia \u00e9 um sinal que serve para que \u201cas na\u00e7\u00f5es e os organismos internacionais possam comprometer-se efetivamente com pr\u00e1ticas que ajudem na supera\u00e7\u00e3o da crise clim\u00e1tica e na preserva\u00e7\u00e3o da obra maravilhosa da Cria\u00e7\u00e3o, que Deus nos confiou e que temos a responsabilidade de transmitir \u00e0s futuras gera\u00e7\u00f5es.\u201d<\/p>\n","protected":false},"excerpt":{"rendered":"<p>Com o encerramento do carnaval na Quarta-Feira de Cinzas, teve in\u00edcio o per\u00edodo da Quaresma para os crist\u00e3os. Mas, voc\u00ea sabe o que \u00e9 a Quaresma? Ela tem sua origem nos primeiros s\u00e9culos do Cristianismo, quando foi estabelecida a data da P\u00e1scoa. A Igreja Cat\u00f3lica instituiu um tempo de penit\u00eancia e prepara\u00e7\u00e3o para a P\u00e1scoa, [&hellip;]<\/p>\n","protected":false},"author":2,"featured_media":349416,"comment_status":"closed","ping_status":"closed","sticky":false,"template":"","format":"standard","meta":{"_acf_changed":false,"footnotes":""},"categories":[165],"tags":[],"class_list":["post-349415","post","type-post","status-publish","format-standard","has-post-thumbnail","hentry","category-nordeste"],"acf":[],"_links":{"self":[{"href":"https:\/\/www.notibras.com\/site\/wp-json\/wp\/v2\/posts\/349415","targetHints":{"allow":["GET"]}}],"collection":[{"href":"https:\/\/www.notibras.com\/site\/wp-json\/wp\/v2\/posts"}],"about":[{"href":"https:\/\/www.notibras.com\/site\/wp-json\/wp\/v2\/types\/post"}],"author":[{"embeddable":true,"href":"https:\/\/www.notibras.com\/site\/wp-json\/wp\/v2\/users\/2"}],"replies":[{"embeddable":true,"href":"https:\/\/www.notibras.com\/site\/wp-json\/wp\/v2\/comments?post=349415"}],"version-history":[{"count":1,"href":"https:\/\/www.notibras.com\/site\/wp-json\/wp\/v2\/posts\/349415\/revisions"}],"predecessor-version":[{"id":349417,"href":"https:\/\/www.notibras.com\/site\/wp-json\/wp\/v2\/posts\/349415\/revisions\/349417"}],"wp:featuredmedia":[{"embeddable":true,"href":"https:\/\/www.notibras.com\/site\/wp-json\/wp\/v2\/media\/349416"}],"wp:attachment":[{"href":"https:\/\/www.notibras.com\/site\/wp-json\/wp\/v2\/media?parent=349415"}],"wp:term":[{"taxonomy":"category","embeddable":true,"href":"https:\/\/www.notibras.com\/site\/wp-json\/wp\/v2\/categories?post=349415"},{"taxonomy":"post_tag","embeddable":true,"href":"https:\/\/www.notibras.com\/site\/wp-json\/wp\/v2\/tags?post=349415"}],"curies":[{"name":"wp","href":"https:\/\/api.w.org\/{rel}","templated":true}]}}