{"id":349439,"date":"2025-03-06T00:02:30","date_gmt":"2025-03-06T03:02:30","guid":{"rendered":"https:\/\/www.notibras.com\/site\/?p=349439"},"modified":"2025-03-06T04:50:18","modified_gmt":"2025-03-06T07:50:18","slug":"xandao-arquiva-inquerito-contra-governador-ibaneis-rocha","status":"publish","type":"post","link":"https:\/\/www.notibras.com\/site\/xandao-arquiva-inquerito-contra-governador-ibaneis-rocha\/","title":{"rendered":"Xand\u00e3o arquiva inqu\u00e9rito contra governador Ibaneis Rocha"},"content":{"rendered":"<p>O ministro Alexandre de Moraes, do Supremo Tribunal Federal (STF), decidiu nesta quarta-feira (5) arquivar o inqu\u00e9rito que apurava a suposta omiss\u00e3o do governador do Distrito Federal, Ibaneis Rocha, durante os atos golpistas de 8 de janeiro de 2023.<\/p>\n<p>Moraes acolheu parecer da Procuradoria-Geral da Rep\u00fablica (PGR) favor\u00e1vel ao arquivamento. No documento enviado na semana passada ao Supremo, a procuradoria afirmou que n\u00e3o h\u00e1 provas de que o governador se omitiu ou favoreceu os atos.<\/p>\n<p>&#8220;Diante do exposto, acolho a manifesta\u00e7\u00e3o da Procuradoria-Geral da Rep\u00fablica e defiro o arquivamento deste inqu\u00e9rito em rela\u00e7\u00e3o \u00e0s condutas de Ibaneis Rocha Barros J\u00fanior&#8221;, decidiu Moraes.<\/p>\n<p>A investiga\u00e7\u00e3o feita pela Pol\u00edcia Federal (PF) tamb\u00e9m n\u00e3o encontrou ind\u00edcios de que o governador agiu para impedir a repress\u00e3o aos golpistas.<\/p>\n<p>Ap\u00f3s os atos de 8 de janeiro, Ibaneis foi afastado do cargo por cerca de 60 dias por determina\u00e7\u00e3o de Alexandre de Moraes e retornou ao cargo ap\u00f3s decis\u00e3o do pr\u00f3prio ministro.<\/p>\n","protected":false},"excerpt":{"rendered":"<p>O ministro Alexandre de Moraes, do Supremo Tribunal Federal (STF), decidiu nesta quarta-feira (5) arquivar o inqu\u00e9rito que apurava a suposta omiss\u00e3o do governador do Distrito Federal, Ibaneis Rocha, durante os atos golpistas de 8 de janeiro de 2023. Moraes acolheu parecer da Procuradoria-Geral da Rep\u00fablica (PGR) favor\u00e1vel ao arquivamento. No documento enviado na semana [&hellip;]<\/p>\n","protected":false},"author":2,"featured_media":349440,"comment_status":"closed","ping_status":"closed","sticky":false,"template":"","format":"standard","meta":{"_acf_changed":false,"footnotes":""},"categories":[161],"tags":[],"class_list":["post-349439","post","type-post","status-publish","format-standard","has-post-thumbnail","hentry","category-quadradinho-em-foco"],"acf":[],"_links":{"self":[{"href":"https:\/\/www.notibras.com\/site\/wp-json\/wp\/v2\/posts\/349439","targetHints":{"allow":["GET"]}}],"collection":[{"href":"https:\/\/www.notibras.com\/site\/wp-json\/wp\/v2\/posts"}],"about":[{"href":"https:\/\/www.notibras.com\/site\/wp-json\/wp\/v2\/types\/post"}],"author":[{"embeddable":true,"href":"https:\/\/www.notibras.com\/site\/wp-json\/wp\/v2\/users\/2"}],"replies":[{"embeddable":true,"href":"https:\/\/www.notibras.com\/site\/wp-json\/wp\/v2\/comments?post=349439"}],"version-history":[{"count":1,"href":"https:\/\/www.notibras.com\/site\/wp-json\/wp\/v2\/posts\/349439\/revisions"}],"predecessor-version":[{"id":349441,"href":"https:\/\/www.notibras.com\/site\/wp-json\/wp\/v2\/posts\/349439\/revisions\/349441"}],"wp:featuredmedia":[{"embeddable":true,"href":"https:\/\/www.notibras.com\/site\/wp-json\/wp\/v2\/media\/349440"}],"wp:attachment":[{"href":"https:\/\/www.notibras.com\/site\/wp-json\/wp\/v2\/media?parent=349439"}],"wp:term":[{"taxonomy":"category","embeddable":true,"href":"https:\/\/www.notibras.com\/site\/wp-json\/wp\/v2\/categories?post=349439"},{"taxonomy":"post_tag","embeddable":true,"href":"https:\/\/www.notibras.com\/site\/wp-json\/wp\/v2\/tags?post=349439"}],"curies":[{"name":"wp","href":"https:\/\/api.w.org\/{rel}","templated":true}]}}