{"id":349442,"date":"2025-03-06T00:01:34","date_gmt":"2025-03-06T03:01:34","guid":{"rendered":"https:\/\/www.notibras.com\/site\/?p=349442"},"modified":"2025-03-06T04:55:50","modified_gmt":"2025-03-06T07:55:50","slug":"inscricoes-para-concurso-do-superior-tribunal-militar-comecam-na-sexta","status":"publish","type":"post","link":"https:\/\/www.notibras.com\/site\/inscricoes-para-concurso-do-superior-tribunal-militar-comecam-na-sexta\/","title":{"rendered":"Inscri\u00e7\u00f5es para concurso do Superior Tribunal Militar come\u00e7am na sexta"},"content":{"rendered":"<p>As inscri\u00e7\u00f5es para o concurso p\u00fablico do Superior Tribunal Militar (STM) abrem \u00e0s 10h desta sexta-feira (7) e v\u00e3o at\u00e9 as 18 horas de 4 de abril. O candidato dever\u00e1 se inscrever no site do Centro Brasileiro de Pesquisa em Avalia\u00e7\u00e3o e Sele\u00e7\u00e3o e de Promo\u00e7\u00e3o de Eventos (Cebraspe), banca organizadora do processo seletivo.<\/p>\n<p>De acordo com o edital, o valor das taxas de inscri\u00e7\u00e3o \u00e9 de R$ 120 para analista judici\u00e1rio, enquanto a de t\u00e9cnico judici\u00e1rio custa R$ 80. A data limite para pagamento da taxa \u00e9 30 de abril.<\/p>\n<p><strong>Vagas<\/strong><br \/>\nSer\u00e3o oferecidas 80 vagas imediatas destinadas aos cargos de analista judici\u00e1rio e t\u00e9cnico judici\u00e1rio em diversas \u00e1reas de atua\u00e7\u00e3o, como administra\u00e7\u00e3o, pol\u00edcia judicial, tecnologia da informa\u00e7\u00e3o, comunica\u00e7\u00e3o social e contabilidade. Todas as vagas s\u00e3o de n\u00edvel superior.<\/p>\n<p>Os aprovados ter\u00e3o remunera\u00e7\u00e3o inicial de R$ 9.052,51 a R$ 14.852,66, conforme o cargo e jornada de trabalho de 40 horas semanais para analistas e t\u00e9cnicos judici\u00e1rios.<\/p>\n<p>Os candidatos poder\u00e3o ser convocados para tomar posse em qualquer cidade onde est\u00e3o sediados o Superior Tribunal Militar e as auditorias da justi\u00e7a militar da Uni\u00e3o: Bag\u00e9 (RS); Bel\u00e9m (PA); Bras\u00edlia (DF); Campo Grande (MS); Curitiba (PR); Fortaleza (CE); Juiz de Fora (MG); Manaus (AM); Porto Alegre (RS); Recife (PE); Rio de Janeiro (RJ); Salvador (BA); Santa Maria (RS); e S\u00e3o Paulo (SP). Os candidatos aprovados dentro do n\u00famero de vagas previstas no edital poder\u00e3o optar pela lota\u00e7\u00e3o, respeitada a ordem das vagas disponibilizadas e a ordem de classifica\u00e7\u00e3o.<\/p>\n<p><strong>Cotas<\/strong><br \/>\nAtendendo \u00e0s normas de inclus\u00e3o, o edital prev\u00ea a seguinte distribui\u00e7\u00e3o de vagas: 20% para candidatos negros (pretos e pardos); 5% para pessoas com defici\u00eancia; 3% para candidatos ind\u00edgenas.<\/p>\n<p>Para concorrer a uma das vagas reservadas, o candidato dever\u00e1, no ato da solicita\u00e7\u00e3o de inscri\u00e7\u00e3o, informar que deseja concorrer \u00e0s vagas reservadas \u00e0s cotas.<\/p>\n<p>No caso de vagas destinadas a pessoas com defici\u00eancia, o candidato dever\u00e1 tamb\u00e9m enviar a imagem leg\u00edvel de laudo m\u00e9dico sobre a defici\u00eancia, emitido por um profissional de sa\u00fade (fisioterapeuta, fonoaudi\u00f3logo, psic\u00f3logo ou terapeuta ocupacional) que atue na \u00e1rea da defici\u00eancia do candidato. O laudo precisa ter sido emitido, no m\u00e1ximo, nos 36 meses anteriores ao \u00faltimo dia de inscri\u00e7\u00e3o neste concurso p\u00fablico.<\/p>\n<p><strong>Provas<\/strong><br \/>\nO processo seletivo ser\u00e1 composto pelas provas objetiva para todos os cargos. Somente para os cargos de analista judici\u00e1rio ter\u00e1 a prova discursiva.<\/p>\n<p>As provas objetivas e discursivas ser\u00e3o aplicadas em 8 de junho de 2025, em todas as 27 capitais do pa\u00eds, al\u00e9m de Juiz de Fora (MG), Santa Maria (RS) e Bag\u00e9 (RS).<\/p>\n<p>O teste de aptid\u00e3o f\u00edsica, para os candidatos do cargo de agente da pol\u00edcia judicial, bem como a avalia\u00e7\u00e3o biopsicossocial e o procedimento heteroidentifica\u00e7\u00e3o de candidatos autodeclarados negros e ind\u00edgenas, ser\u00e3o realizados nas cidades de provas onde houver candidatos aprovados.<\/p>\n<p>Pelo cronograma oficial do certame, o resultado final das provas objetivas ser\u00e1 divulgado em 4 de julho. J\u00e1 o resultado provis\u00f3rio na prova discursiva, somente para os cargos de analista judici\u00e1rio, ocorrer\u00e1 em 9 de julho.<\/p>\n","protected":false},"excerpt":{"rendered":"<p>As inscri\u00e7\u00f5es para o concurso p\u00fablico do Superior Tribunal Militar (STM) abrem \u00e0s 10h desta sexta-feira (7) e v\u00e3o at\u00e9 as 18 horas de 4 de abril. O candidato dever\u00e1 se inscrever no site do Centro Brasileiro de Pesquisa em Avalia\u00e7\u00e3o e Sele\u00e7\u00e3o e de Promo\u00e7\u00e3o de Eventos (Cebraspe), banca organizadora do processo seletivo. De [&hellip;]<\/p>\n","protected":false},"author":2,"featured_media":291293,"comment_status":"closed","ping_status":"closed","sticky":false,"template":"","format":"standard","meta":{"_acf_changed":false,"footnotes":""},"categories":[161],"tags":[],"class_list":["post-349442","post","type-post","status-publish","format-standard","has-post-thumbnail","hentry","category-quadradinho-em-foco"],"acf":[],"_links":{"self":[{"href":"https:\/\/www.notibras.com\/site\/wp-json\/wp\/v2\/posts\/349442","targetHints":{"allow":["GET"]}}],"collection":[{"href":"https:\/\/www.notibras.com\/site\/wp-json\/wp\/v2\/posts"}],"about":[{"href":"https:\/\/www.notibras.com\/site\/wp-json\/wp\/v2\/types\/post"}],"author":[{"embeddable":true,"href":"https:\/\/www.notibras.com\/site\/wp-json\/wp\/v2\/users\/2"}],"replies":[{"embeddable":true,"href":"https:\/\/www.notibras.com\/site\/wp-json\/wp\/v2\/comments?post=349442"}],"version-history":[{"count":1,"href":"https:\/\/www.notibras.com\/site\/wp-json\/wp\/v2\/posts\/349442\/revisions"}],"predecessor-version":[{"id":349443,"href":"https:\/\/www.notibras.com\/site\/wp-json\/wp\/v2\/posts\/349442\/revisions\/349443"}],"wp:featuredmedia":[{"embeddable":true,"href":"https:\/\/www.notibras.com\/site\/wp-json\/wp\/v2\/media\/291293"}],"wp:attachment":[{"href":"https:\/\/www.notibras.com\/site\/wp-json\/wp\/v2\/media?parent=349442"}],"wp:term":[{"taxonomy":"category","embeddable":true,"href":"https:\/\/www.notibras.com\/site\/wp-json\/wp\/v2\/categories?post=349442"},{"taxonomy":"post_tag","embeddable":true,"href":"https:\/\/www.notibras.com\/site\/wp-json\/wp\/v2\/tags?post=349442"}],"curies":[{"name":"wp","href":"https:\/\/api.w.org\/{rel}","templated":true}]}}