{"id":349444,"date":"2025-03-06T00:00:40","date_gmt":"2025-03-06T03:00:40","guid":{"rendered":"https:\/\/www.notibras.com\/site\/?p=349444"},"modified":"2025-03-06T05:01:52","modified_gmt":"2025-03-06T08:01:52","slug":"convocados-da-2a-chamada-devem-confirmar-dados-ate-dia-17","status":"publish","type":"post","link":"https:\/\/www.notibras.com\/site\/convocados-da-2a-chamada-devem-confirmar-dados-ate-dia-17\/","title":{"rendered":"Convocados da 2\u00aa chamada devem confirmar dados at\u00e9 dia 17"},"content":{"rendered":"<p>Os mais de 86 mil pr\u00e9-selecionados na segunda chamada do\u202fPrograma Universidade para Todos (Prouni), referente ao primeiro semestre de 2025, dever\u00e3o apresentar os documentos que comprovem as informa\u00e7\u00f5es prestadas no momento da inscri\u00e7\u00e3o at\u00e9 17 de mar\u00e7o. Os documentos devem entregues \u00e0 institui\u00e7\u00e3o de educa\u00e7\u00e3o superior.<\/p>\n<p>O candidato pode consultar online o resultado da segunda chamada, publicada pelo Minist\u00e9rio da Educa\u00e7\u00e3o (MEC), na \u00faltima sexta-feira (28), no\u202fPortal \u00danico de Acesso ao Ensino Superior do ProUni. O acesso \u00e9 por meio da conta do Gov.br.<\/p>\n<p>O programa oferece bolsas integrais (100%) e parciais (50%) sobre o valor da mensalidade de cursos em institui\u00e7\u00f5es privadas de educa\u00e7\u00e3o superior.<\/p>\n<p>Em 2025, a pol\u00edtica p\u00fablica completa 20 anos de exist\u00eancia, com mais de 3,4 milh\u00f5es de estudantes beneficiados entre 2005 e 2024.<\/p>\n<p><strong>Documenta\u00e7\u00e3o<\/strong><br \/>\nA institui\u00e7\u00e3o de ensino superior deve definir como \u00e9 feita a entrega dos documentos: de forma presencial, diretamente na unidade, ou virtual\/eletr\u00f4nico. N\u00e3o pode ser cobrada nenhuma taxa.<\/p>\n<p>O candidato tem a responsabilidade de verificar, nas faculdades, os hor\u00e1rios e o local de comparecimento para a verifica\u00e7\u00e3o das informa\u00e7\u00f5es.<\/p>\n<p>A perda do prazo ou a n\u00e3o comprova\u00e7\u00e3o dos dados implicar\u00e1, automaticamente, na reprova\u00e7\u00e3o do candidato.<\/p>\n<p>Algumas institui\u00e7\u00f5es podem submeter os pr\u00e9-selecionados a um processo seletivo pr\u00f3prio. Neste caso, o MEC determina que os crit\u00e9rios de aprova\u00e7\u00e3o n\u00e3o podem ser mais rigorosos do que os aplicados aos pr\u00e9-selecionados nos processos seletivos regulares.<\/p>\n<p><strong>Edi\u00e7\u00e3o de 2025<\/strong><br \/>\nNesta edi\u00e7\u00e3o do programa, foram ofertadas 338.444 bolsas em 403 cursos de 1.031 institui\u00e7\u00f5es privadas por todo o pa\u00eds. Dessas bolsas, 203.539 s\u00e3o integrais e 134.905 parciais.<\/p>\n<p>O programa recebeu quase 1,5 milh\u00e3o de inscri\u00e7\u00f5es para o Prouni\u202f2025\/1. Na primeira chamada do processo seletivo, divulgada no in\u00edcio de fevereiro, 197.080\u202festudantes haviam sido pr\u00e9-selecionados.<\/p>\n<p><strong>Cronograma Prouni\u202f2025\/1<\/strong><br \/>\nO candidato n\u00e3o contemplado nas duas chamadas do Prouni 2025 poder\u00e1 participar da lista de espera do Prouni.<\/p>\n<p>A manifesta\u00e7\u00e3o de interesse em ingressar na fila deve ser feita nos dias 26 e 27 de mar\u00e7o pelo Portal \u00danico de Acesso ao Ensino Superior.<\/p>\n<p>Em 1\u00ba de abril, ser\u00e1 disponibilizado o resultado da lista de espera no mesmo site.<\/p>\n","protected":false},"excerpt":{"rendered":"<p>Os mais de 86 mil pr\u00e9-selecionados na segunda chamada do\u202fPrograma Universidade para Todos (Prouni), referente ao primeiro semestre de 2025, dever\u00e3o apresentar os documentos que comprovem as informa\u00e7\u00f5es prestadas no momento da inscri\u00e7\u00e3o at\u00e9 17 de mar\u00e7o. Os documentos devem entregues \u00e0 institui\u00e7\u00e3o de educa\u00e7\u00e3o superior. O candidato pode consultar online o resultado da segunda [&hellip;]<\/p>\n","protected":false},"author":2,"featured_media":349445,"comment_status":"closed","ping_status":"closed","sticky":false,"template":"","format":"standard","meta":{"_acf_changed":false,"footnotes":""},"categories":[161],"tags":[],"class_list":["post-349444","post","type-post","status-publish","format-standard","has-post-thumbnail","hentry","category-quadradinho-em-foco"],"acf":[],"_links":{"self":[{"href":"https:\/\/www.notibras.com\/site\/wp-json\/wp\/v2\/posts\/349444","targetHints":{"allow":["GET"]}}],"collection":[{"href":"https:\/\/www.notibras.com\/site\/wp-json\/wp\/v2\/posts"}],"about":[{"href":"https:\/\/www.notibras.com\/site\/wp-json\/wp\/v2\/types\/post"}],"author":[{"embeddable":true,"href":"https:\/\/www.notibras.com\/site\/wp-json\/wp\/v2\/users\/2"}],"replies":[{"embeddable":true,"href":"https:\/\/www.notibras.com\/site\/wp-json\/wp\/v2\/comments?post=349444"}],"version-history":[{"count":1,"href":"https:\/\/www.notibras.com\/site\/wp-json\/wp\/v2\/posts\/349444\/revisions"}],"predecessor-version":[{"id":349446,"href":"https:\/\/www.notibras.com\/site\/wp-json\/wp\/v2\/posts\/349444\/revisions\/349446"}],"wp:featuredmedia":[{"embeddable":true,"href":"https:\/\/www.notibras.com\/site\/wp-json\/wp\/v2\/media\/349445"}],"wp:attachment":[{"href":"https:\/\/www.notibras.com\/site\/wp-json\/wp\/v2\/media?parent=349444"}],"wp:term":[{"taxonomy":"category","embeddable":true,"href":"https:\/\/www.notibras.com\/site\/wp-json\/wp\/v2\/categories?post=349444"},{"taxonomy":"post_tag","embeddable":true,"href":"https:\/\/www.notibras.com\/site\/wp-json\/wp\/v2\/tags?post=349444"}],"curies":[{"name":"wp","href":"https:\/\/api.w.org\/{rel}","templated":true}]}}