{"id":349453,"date":"2025-03-06T05:27:48","date_gmt":"2025-03-06T08:27:48","guid":{"rendered":"https:\/\/www.notibras.com\/site\/?p=349453"},"modified":"2025-03-06T05:27:48","modified_gmt":"2025-03-06T08:27:48","slug":"malulinha-bochechuda-raciocina-como-adulto-bebe","status":"publish","type":"post","link":"https:\/\/www.notibras.com\/site\/malulinha-bochechuda-raciocina-como-adulto-bebe\/","title":{"rendered":"Malulinha, bochechuda, raciocina como adulto-beb\u00ea"},"content":{"rendered":"<p>Sabe aquele instante em que d\u00e1 um estalo e esticamos o pesco\u00e7o para tr\u00e1s, como se querendo entender o sentido da vida? Pois \u00e9 algo assim que me acometeu ao visitar a parentada em Bras\u00edlia. Obviamente, at\u00e9 mesmo por conta do meu parco conhecimento sobre o Distrito Federal, fui com meus pais. \u00c9 que tenho apenas um ano e meio, apesar de alguns ficarem espantados com a minha capacidade de racioc\u00ednio.<\/p>\n<p>\u2014 N\u00e3o \u00e9 poss\u00edvel que Malulinha seja t\u00e3o nova! Gente, como \u00e9 inteligente!<\/p>\n<p>\u2014 Pois \u00e9&#8230; Tutano \u00e9 o que n\u00e3o lhe falta!<\/p>\n<p>\u2014 Diria que tem, no m\u00ednimo, dois anos!<\/p>\n<p>Se sou mimada? Ah, minha resposta \u00e9 seca e certeira: morde aqui meu dedinho mindinho da inveja alheia. Mas deixemos sua implic\u00e2ncia de lado, pois o tempo urge e n\u00e3o d\u00e1 para ficar de bobeira, ainda mais quando o trem da vida n\u00e3o espera os que acordam tarde.<\/p>\n<p>Por falar em trem, acabei de me lembrar de algo que me aflige, ainda mais quando recebemos visitas. \u00c9 que sou dessas pessoas de bochechas boas de apertar. Pois \u00e9, voc\u00ea, com essa cara chupada, \u00e9 que tem sorte. Coitada de mim, que levo ao menos alguns belisc\u00f5es di\u00e1rios.<\/p>\n<p>\u2014 Ah, que coisa mais fofa! D\u00e1 vontade de ficar apertando essas bochechas o dia inteiro. Dona Irene, como \u00e9 que voc\u00ea resiste a tanta fofura?<\/p>\n<p>N\u00e3o adianta fazer caras e bocas para minha mam\u00e3e, que nesses momentos fica com o orgulho tocando as nuvens.<\/p>\n<p>\u2014 Ah, Ta\u00edla, n\u00e3o \u00e9 porque a Malulinha \u00e9 minha filha, mas ela \u00e9 muito fofa mesmo!<\/p>\n<p>N\u00e3o sei se voc\u00ea sabe, mas tenho duas irm\u00e3s grandonas, al\u00e9m de outras duas com cara de buldogue. Deve ser porque estas sejam mesmo duas buldogues. Uma mais linda do que a outra. Seus nomes? Bebel e Clarinha. Pois quero falar uma coisa que elas fazem todas as vezes que sa\u00edmos juntas.<\/p>\n<p>Imagine a cena: l\u00e1 estamos mam\u00e3e, papai, Bebel, Clarinha e eu no parquinho cheio de cachorros. Toda vez que algum se aproxima de mim, eis que a Bebel e a Clarinha n\u00e3o permitem que nenhum deles chegue muito perto. Ainda bem! J\u00e1 imaginou voltar para casa toda melecada de tantas lambidas? J\u00e1 basta a avalanche de lambidas que as minhas irm\u00e3s me d\u00e3o a todo instante.<\/p>\n<p>Por que estou falando sobre isso? Hum&#8230; Tive uma ideia! Vou pedir para a Bebel e a Clarinha formarem uma barreira entre mim e as criaturas sem-no\u00e7\u00e3o que cismam em me dar belisc\u00f5es nas bochechas. Se vou sentir falta disso? N\u00e3o muito, pois a vida corre que nem pre\u00e1 fugindo de gato-maracaj\u00e1. Como mam\u00e3e costuma dizer, j\u00e1 sou quase um beb\u00ea adulto.<\/p>\n<p>&#8230;&#8230;&#8230;&#8230;&#8230;&#8230;&#8230;&#8230;&#8230;<\/p>\n<p><strong>Eduardo Mart\u00ednez \u00e9 autor do livro 57 Contos e Cr\u00f4nicas por um Autor Muito Velho\u2019<\/strong><\/p>\n<p>Compre aqui\u00a0<span class=\"x19la9d6 x1fc57z9 x6ikm8r x10wlt62 x19co3pv x1g5zs5t xfibh0p xiy17q3 x1xsqp64 x1lkfr7t xexx8yu x4uap5 x18d9i69 xkhd6sd\"><span class=\"xrtxmta x1bhl96m\"><img decoding=\"async\" class=\"emoji\" role=\"img\" draggable=\"false\" src=\"https:\/\/s.w.org\/images\/core\/emoji\/15.0.3\/svg\/1f447-1f3ff.svg\" alt=\"&#x1f447;&#x1f3ff;\" \/><\/span><\/span><\/p>\n<p><a href=\"https:\/\/www.joanineditora.com.br\/57-contos-e-cronicas-por-um-autor-muito-velho\">https:\/\/www.joanineditora.com.br\/57-contos-e-cronicas-por-um-autor-muito-velho<\/a><\/p>\n","protected":false},"excerpt":{"rendered":"<p>Sabe aquele instante em que d\u00e1 um estalo e esticamos o pesco\u00e7o para tr\u00e1s, como se querendo entender o sentido da vida? Pois \u00e9 algo assim que me acometeu ao visitar a parentada em Bras\u00edlia. Obviamente, at\u00e9 mesmo por conta do meu parco conhecimento sobre o Distrito Federal, fui com meus pais. \u00c9 que tenho [&hellip;]<\/p>\n","protected":false},"author":2,"featured_media":349454,"comment_status":"closed","ping_status":"closed","sticky":false,"template":"","format":"standard","meta":{"_acf_changed":false,"footnotes":""},"categories":[161],"tags":[],"class_list":["post-349453","post","type-post","status-publish","format-standard","has-post-thumbnail","hentry","category-quadradinho-em-foco"],"acf":[],"_links":{"self":[{"href":"https:\/\/www.notibras.com\/site\/wp-json\/wp\/v2\/posts\/349453","targetHints":{"allow":["GET"]}}],"collection":[{"href":"https:\/\/www.notibras.com\/site\/wp-json\/wp\/v2\/posts"}],"about":[{"href":"https:\/\/www.notibras.com\/site\/wp-json\/wp\/v2\/types\/post"}],"author":[{"embeddable":true,"href":"https:\/\/www.notibras.com\/site\/wp-json\/wp\/v2\/users\/2"}],"replies":[{"embeddable":true,"href":"https:\/\/www.notibras.com\/site\/wp-json\/wp\/v2\/comments?post=349453"}],"version-history":[{"count":1,"href":"https:\/\/www.notibras.com\/site\/wp-json\/wp\/v2\/posts\/349453\/revisions"}],"predecessor-version":[{"id":349455,"href":"https:\/\/www.notibras.com\/site\/wp-json\/wp\/v2\/posts\/349453\/revisions\/349455"}],"wp:featuredmedia":[{"embeddable":true,"href":"https:\/\/www.notibras.com\/site\/wp-json\/wp\/v2\/media\/349454"}],"wp:attachment":[{"href":"https:\/\/www.notibras.com\/site\/wp-json\/wp\/v2\/media?parent=349453"}],"wp:term":[{"taxonomy":"category","embeddable":true,"href":"https:\/\/www.notibras.com\/site\/wp-json\/wp\/v2\/categories?post=349453"},{"taxonomy":"post_tag","embeddable":true,"href":"https:\/\/www.notibras.com\/site\/wp-json\/wp\/v2\/tags?post=349453"}],"curies":[{"name":"wp","href":"https:\/\/api.w.org\/{rel}","templated":true}]}}