{"id":349498,"date":"2025-03-07T00:38:40","date_gmt":"2025-03-07T03:38:40","guid":{"rendered":"https:\/\/www.notibras.com\/site\/?p=349498"},"modified":"2025-03-07T00:38:42","modified_gmt":"2025-03-07T03:38:42","slug":"du-e-dan-indicam-a-foca-caminho-sem-trevas-na-zona-da-mata-nordestina","status":"publish","type":"post","link":"https:\/\/www.notibras.com\/site\/du-e-dan-indicam-a-foca-caminho-sem-trevas-na-zona-da-mata-nordestina\/","title":{"rendered":"Du e Dan indicam a Foca caminho sem trevas na Zona da Mata nordestina"},"content":{"rendered":"<p>Os textos de Du e Dan s\u00e3o firmes e brilhantes como um vermelho ressecado \u00e0 luz do sol ou de uma l\u00e2mpada. Os dois costumam acompanhar os escritos do Foca, um rep\u00f3rter que alimenta um velho sonho de ser cronista. H\u00e1 momentos, por\u00e9m, em que descem do telhado e se posicionam sobre o teclado do Notebook. Ansiosos, tentam direcionar o melhor roteiro para as palavras que est\u00e3o prestes a surgir.<\/p>\n<p>S\u00e3o morcegos, tataranetos do Conde Dr\u00e1cula, que t\u00eam a literatura como seu melhor alimento. Se dependesse deles, o Foca escreveria como Bram Stoker, o primeiro grande romancista a apresentar em min\u00facias a hist\u00f3ria de um centen\u00e1rio personagem mais encantador do que assustador; um lorde g\u00f3tico que sempre ressurge em diferentes e inovadoras vers\u00f5es cinematogr\u00e1ficas.<\/p>\n<p>A cena se desenrola em uma velha casa de engenho nas profundezas da Zona da Mata nordestina. O teto sem forro \u00e9 habitado por aranhas que tecem suas teias com a velocidade do vento que uiva l\u00e1 fora como lobos anunciando uma tempestade. O ar opaco transporta o cheiro da madeira \u00famida e do passado enterrado nas paredes descascadas. O ranger das estruturas ecoa pela noite, como se a habita\u00e7\u00e3o sussurrasse segredos que ningu\u00e9m mais deveria ouvir.<\/p>\n<p>Mas o Foca resiste. Sua escrita \u00e9 menos sombria, mais errante, como um viajante que percorre becos escuros sem um mapa. Du e Dan se impacientam. Planam sobre a tela, projetando sombras de asas longas e desiguais. O Foca sente a presen\u00e7a dos dois e, por vezes, se deixa seduzir pela promessa de um texto mais compacto, mais penetrante. A atmosfera de sua cr\u00f4nica se adensa, o teclado ganha um ritmo febril, as palavras escorrem como vinho denso, derramado por um copo trincado.<\/p>\n<p>As paredes ao redor rangem. N\u00e3o se sabe se pelo vento noturno ou por uma vontade oculta que se arrasta entre as fendas. O Foca n\u00e3o olha para tr\u00e1s. Sabe que Du e Dan est\u00e3o l\u00e1, observando. Testemunhas e coautores, eles sugerem descri\u00e7\u00f5es que lembram castelos em ru\u00ednas, sal\u00f5es de veludo pu\u00eddo, olhos que brilham na penumbra. O cronista hesita. Deveria seguir por esse caminho? As \u00faltimas palavras est\u00e3o presas na garganta, como se temessem atravessar o umbral da consci\u00eancia.<\/p>\n<p>Ent\u00e3o, Du e Dan sibilam. Pequenos estalos ecoam pelo c\u00f4modo. Uma gota de tinta invis\u00edvel pinga sobre a tela, e o Foca sente um calafrio que lhe percorre a espinha. Ele entrega-se. Permite que seus dedos dancem sobre o teclado em um frenesi inesperado. O texto ganha vida pr\u00f3pria. N\u00e3o mais uma simples cr\u00f4nica, mas um relic\u00e1rio de sombras e segredos. Algo que pulsa entre os par\u00e1grafos, algo que respira nas entrelinhas.<\/p>\n<p>Quando a \u00faltima palavra \u00e9 digitada, o sil\u00eancio cai como um manto. Du e Dan observam, satisfeitos. Recolhem suas asas e voltam para a escurid\u00e3o do teto, onde descansam \u00e0 espera de um novo texto, de uma nova noite, de um novo chamado. O Foca olha para a tela. N\u00e3o reconhece inteiramente o que escreveu. Mas sente que algo mudou. Talvez, desta vez, tenha finalmente tocado as sombras certas.<\/p>\n<p>&#8230;&#8230;&#8230;&#8230;&#8230;&#8230;&#8230;&#8230;&#8230;&#8230;&#8230;&#8230;&#8230;&#8230;..<\/p>\n<p><strong>Jos\u00e9 Seabra \u00e9 diretor da Sucursal Regional Nordeste de <em>Notibras<\/em><\/strong><\/p>\n<p>&#8230;&#8230;&#8230;&#8230;&#8230;&#8230;&#8230;&#8230;&#8230;&#8230;&#8230;&#8230;&#8230;&#8230;..<\/p>\n<p><strong>Esse presun\u00e7oso projeto de cr\u00f4nica foi inspirado em Eduardo Mart\u00ednez e Daniel Marchi, editores do nosso <em>Caf\u00e9 Liter\u00e1rio<\/em>, e a dois mam\u00edferos da ordem Chiroptera, que costumam visitar-me sempre que o sol se esconde l\u00e1 para os lados do Sert\u00e3o.<\/strong><\/p>\n","protected":false},"excerpt":{"rendered":"<p>Os textos de Du e Dan s\u00e3o firmes e brilhantes como um vermelho ressecado \u00e0 luz do sol ou de uma l\u00e2mpada. Os dois costumam acompanhar os escritos do Foca, um rep\u00f3rter que alimenta um velho sonho de ser cronista. H\u00e1 momentos, por\u00e9m, em que descem do telhado e se posicionam sobre o teclado do [&hellip;]<\/p>\n","protected":false},"author":2,"featured_media":349499,"comment_status":"closed","ping_status":"closed","sticky":false,"template":"","format":"standard","meta":{"_acf_changed":false,"footnotes":""},"categories":[165],"tags":[],"class_list":["post-349498","post","type-post","status-publish","format-standard","has-post-thumbnail","hentry","category-nordeste"],"acf":[],"_links":{"self":[{"href":"https:\/\/www.notibras.com\/site\/wp-json\/wp\/v2\/posts\/349498","targetHints":{"allow":["GET"]}}],"collection":[{"href":"https:\/\/www.notibras.com\/site\/wp-json\/wp\/v2\/posts"}],"about":[{"href":"https:\/\/www.notibras.com\/site\/wp-json\/wp\/v2\/types\/post"}],"author":[{"embeddable":true,"href":"https:\/\/www.notibras.com\/site\/wp-json\/wp\/v2\/users\/2"}],"replies":[{"embeddable":true,"href":"https:\/\/www.notibras.com\/site\/wp-json\/wp\/v2\/comments?post=349498"}],"version-history":[{"count":3,"href":"https:\/\/www.notibras.com\/site\/wp-json\/wp\/v2\/posts\/349498\/revisions"}],"predecessor-version":[{"id":349502,"href":"https:\/\/www.notibras.com\/site\/wp-json\/wp\/v2\/posts\/349498\/revisions\/349502"}],"wp:featuredmedia":[{"embeddable":true,"href":"https:\/\/www.notibras.com\/site\/wp-json\/wp\/v2\/media\/349499"}],"wp:attachment":[{"href":"https:\/\/www.notibras.com\/site\/wp-json\/wp\/v2\/media?parent=349498"}],"wp:term":[{"taxonomy":"category","embeddable":true,"href":"https:\/\/www.notibras.com\/site\/wp-json\/wp\/v2\/categories?post=349498"},{"taxonomy":"post_tag","embeddable":true,"href":"https:\/\/www.notibras.com\/site\/wp-json\/wp\/v2\/tags?post=349498"}],"curies":[{"name":"wp","href":"https:\/\/api.w.org\/{rel}","templated":true}]}}