{"id":349503,"date":"2025-03-07T00:20:34","date_gmt":"2025-03-07T03:20:34","guid":{"rendered":"https:\/\/www.notibras.com\/site\/?p=349503"},"modified":"2025-03-07T00:36:35","modified_gmt":"2025-03-07T03:36:35","slug":"galo-por-galo-o-da-madrugada-brilha-mais-que-o-de-minas","status":"publish","type":"post","link":"https:\/\/www.notibras.com\/site\/galo-por-galo-o-da-madrugada-brilha-mais-que-o-de-minas\/","title":{"rendered":"Galo por Galo, o da Madrugada brilha mais que o de Minas"},"content":{"rendered":"<p>Todo mineiro que se preze j\u00e1 sentiu na pele a d\u00favida cruel do ver\u00e3o: descer para Guarapari ou se aventurar em novas paragens? O Esp\u00edrito Santo, com seu mar azul que parece estendido s\u00f3 para os visitantes de Minas, \u00e9 quase uma segunda casa. De Ita\u00fanas a Anchieta, passando pelo agito eterno de Guarapari, os sotaques se misturam, os queijos ganham gosto de moqueca e o p\u00e3o de queijo divide espa\u00e7o com a casquinha de siri.<\/p>\n<p>Mas eis que chega fevereiro, e uma inquieta\u00e7\u00e3o toma conta dos atleticanos. Porque galo por galo, sejamos sinceros, por mais respeito que mere\u00e7a o de Minas, quando o assunto \u00e9 Carnaval, o Galo da Madrugada brilha mais. N\u00e3o \u00e9 quest\u00e3o de paix\u00e3o club\u00edstica, mas de pura euforia: o bloco \u00e9 o maior do mundo, arrasta milh\u00f5es pelas ruas do Recife e carrega consigo um nome que soa como um chamado irresist\u00edvel para qualquer torcedor alvinegro.<\/p>\n<p>E assim, enquanto muitos ainda aproveitam as areias capixabas, outros partem rumo ao frevo. Trocam o banho de mar pelo banho de gente, a tranquilidade da Praia do Morro pelo turbilh\u00e3o do Marco Zero. E se no est\u00e1dio eles entoam c\u00e2nticos para empurrar o time, em Pernambuco deixam-se levar pelo coro ensurdecedor que faz o Galo levantar voo ao amanhecer.<\/p>\n<p>Mas, como todo Carnaval, esse tamb\u00e9m tem seu fim. Chega a quarta-feira de cinzas, e os atleticanos, ainda com os p\u00e9s doloridos de tanto frevo, pegam a estrada de volta. O eco dos clarins do Galo da Madrugada ainda vibra nos ouvidos, misturado ao barulho da BR. No retrovisor, Recife vai ficando para tr\u00e1s, enquanto cresce no peito aquela nostalgia boa de quem viveu um Carnaval inesquec\u00edvel.<\/p>\n<p>De volta a Minas, j\u00e1 em terras altas, eles suspiram diante do horizonte montanhoso. O cora\u00e7\u00e3o se acalma, mas a promessa est\u00e1 feita: ano que vem, tem mais. Porque o mar de Guarapari sempre estar\u00e1 ali, fiel e convidativo, mas quando fevereiro chegar, o Galo \u2013 aquele que brilha mais \u2013 chamar\u00e1 de novo. E quem resiste?<\/p>\n","protected":false},"excerpt":{"rendered":"<p>Todo mineiro que se preze j\u00e1 sentiu na pele a d\u00favida cruel do ver\u00e3o: descer para Guarapari ou se aventurar em novas paragens? O Esp\u00edrito Santo, com seu mar azul que parece estendido s\u00f3 para os visitantes de Minas, \u00e9 quase uma segunda casa. De Ita\u00fanas a Anchieta, passando pelo agito eterno de Guarapari, os [&hellip;]<\/p>\n","protected":false},"author":2,"featured_media":349504,"comment_status":"closed","ping_status":"closed","sticky":false,"template":"","format":"standard","meta":{"_acf_changed":false,"footnotes":""},"categories":[165],"tags":[],"class_list":["post-349503","post","type-post","status-publish","format-standard","has-post-thumbnail","hentry","category-nordeste"],"acf":[],"_links":{"self":[{"href":"https:\/\/www.notibras.com\/site\/wp-json\/wp\/v2\/posts\/349503","targetHints":{"allow":["GET"]}}],"collection":[{"href":"https:\/\/www.notibras.com\/site\/wp-json\/wp\/v2\/posts"}],"about":[{"href":"https:\/\/www.notibras.com\/site\/wp-json\/wp\/v2\/types\/post"}],"author":[{"embeddable":true,"href":"https:\/\/www.notibras.com\/site\/wp-json\/wp\/v2\/users\/2"}],"replies":[{"embeddable":true,"href":"https:\/\/www.notibras.com\/site\/wp-json\/wp\/v2\/comments?post=349503"}],"version-history":[{"count":1,"href":"https:\/\/www.notibras.com\/site\/wp-json\/wp\/v2\/posts\/349503\/revisions"}],"predecessor-version":[{"id":349505,"href":"https:\/\/www.notibras.com\/site\/wp-json\/wp\/v2\/posts\/349503\/revisions\/349505"}],"wp:featuredmedia":[{"embeddable":true,"href":"https:\/\/www.notibras.com\/site\/wp-json\/wp\/v2\/media\/349504"}],"wp:attachment":[{"href":"https:\/\/www.notibras.com\/site\/wp-json\/wp\/v2\/media?parent=349503"}],"wp:term":[{"taxonomy":"category","embeddable":true,"href":"https:\/\/www.notibras.com\/site\/wp-json\/wp\/v2\/categories?post=349503"},{"taxonomy":"post_tag","embeddable":true,"href":"https:\/\/www.notibras.com\/site\/wp-json\/wp\/v2\/tags?post=349503"}],"curies":[{"name":"wp","href":"https:\/\/api.w.org\/{rel}","templated":true}]}}