{"id":349512,"date":"2025-03-07T00:00:55","date_gmt":"2025-03-07T03:00:55","guid":{"rendered":"https:\/\/www.notibras.com\/site\/?p=349512"},"modified":"2025-03-07T01:11:29","modified_gmt":"2025-03-07T04:11:29","slug":"bahia-fica-no-0-a-0-com-o-boston-river-na-pre-libertadores","status":"publish","type":"post","link":"https:\/\/www.notibras.com\/site\/bahia-fica-no-0-a-0-com-o-boston-river-na-pre-libertadores\/","title":{"rendered":"Bahia fica no 0 a 0 com o Boston River na Pr\u00e9-Libertadores"},"content":{"rendered":"<p>O Bahia ficou no 0 a 0 com o Boston River (Uruguai), na noite desta quinta-feira (6) no est\u00e1dio Centen\u00e1rio, em Montevid\u00e9u, na partida de ida da terceira fase pr\u00e9via da Copa Libertadores, a \u00faltima antes da etapa de grupos da competi\u00e7\u00e3o continental.<\/p>\n<p>Desta forma, a equipe comandada pelo t\u00e9cnico Rog\u00e9rio Ceni ter\u00e1 a oportunidade de buscar a classifica\u00e7\u00e3o na pr\u00f3xima quinta-feira (13), a partir das 21h30 (hor\u00e1rio de Bras\u00edlia), diante de sua torcida na Arena Fonte Nova, em Salvador.<\/p>\n<p>Bahia e Boston River protagonizaram uma partida mon\u00f3tona, na qual criaram poucas oportunidades de gol. Ap\u00f3s um primeiro tempo no qual n\u00e3o conseguiu finalizar, a equipe uruguaia chegou a superar o goleiro Marcos Felipe aos 5 minutos do segundo tempo, mas o lance foi anulado por causa de posi\u00e7\u00e3o de impedimento do atacante Adamo.<\/p>\n<p>J\u00e1 a oportunidade mais clara do Tricolor foi uma finaliza\u00e7\u00e3o do volante Jean Lucas aos 27 minutos do primeiro tempo que foi defendida pelo goleiro Ant\u00fanez.<\/p>\n","protected":false},"excerpt":{"rendered":"<p>O Bahia ficou no 0 a 0 com o Boston River (Uruguai), na noite desta quinta-feira (6) no est\u00e1dio Centen\u00e1rio, em Montevid\u00e9u, na partida de ida da terceira fase pr\u00e9via da Copa Libertadores, a \u00faltima antes da etapa de grupos da competi\u00e7\u00e3o continental. Desta forma, a equipe comandada pelo t\u00e9cnico Rog\u00e9rio Ceni ter\u00e1 a oportunidade [&hellip;]<\/p>\n","protected":false},"author":2,"featured_media":349513,"comment_status":"closed","ping_status":"closed","sticky":false,"template":"","format":"standard","meta":{"_acf_changed":false,"footnotes":""},"categories":[165],"tags":[],"class_list":["post-349512","post","type-post","status-publish","format-standard","has-post-thumbnail","hentry","category-nordeste"],"acf":[],"_links":{"self":[{"href":"https:\/\/www.notibras.com\/site\/wp-json\/wp\/v2\/posts\/349512","targetHints":{"allow":["GET"]}}],"collection":[{"href":"https:\/\/www.notibras.com\/site\/wp-json\/wp\/v2\/posts"}],"about":[{"href":"https:\/\/www.notibras.com\/site\/wp-json\/wp\/v2\/types\/post"}],"author":[{"embeddable":true,"href":"https:\/\/www.notibras.com\/site\/wp-json\/wp\/v2\/users\/2"}],"replies":[{"embeddable":true,"href":"https:\/\/www.notibras.com\/site\/wp-json\/wp\/v2\/comments?post=349512"}],"version-history":[{"count":1,"href":"https:\/\/www.notibras.com\/site\/wp-json\/wp\/v2\/posts\/349512\/revisions"}],"predecessor-version":[{"id":349514,"href":"https:\/\/www.notibras.com\/site\/wp-json\/wp\/v2\/posts\/349512\/revisions\/349514"}],"wp:featuredmedia":[{"embeddable":true,"href":"https:\/\/www.notibras.com\/site\/wp-json\/wp\/v2\/media\/349513"}],"wp:attachment":[{"href":"https:\/\/www.notibras.com\/site\/wp-json\/wp\/v2\/media?parent=349512"}],"wp:term":[{"taxonomy":"category","embeddable":true,"href":"https:\/\/www.notibras.com\/site\/wp-json\/wp\/v2\/categories?post=349512"},{"taxonomy":"post_tag","embeddable":true,"href":"https:\/\/www.notibras.com\/site\/wp-json\/wp\/v2\/tags?post=349512"}],"curies":[{"name":"wp","href":"https:\/\/api.w.org\/{rel}","templated":true}]}}