{"id":349532,"date":"2025-03-07T07:00:53","date_gmt":"2025-03-07T10:00:53","guid":{"rendered":"https:\/\/www.notibras.com\/site\/?p=349532"},"modified":"2025-03-07T08:55:29","modified_gmt":"2025-03-07T11:55:29","slug":"lembrancas-de-bates-e-maca-na-maionese-do-natal-ainda-fazem-arrepiar","status":"publish","type":"post","link":"https:\/\/www.notibras.com\/site\/lembrancas-de-bates-e-maca-na-maionese-do-natal-ainda-fazem-arrepiar\/","title":{"rendered":"Lembran\u00e7as de Bates e ma\u00e7\u00e3 na maionese do Natal ainda fazem arrepiar"},"content":{"rendered":"<p>Sonhei com a escola onde fiz o jardim de inf\u00e2ncia. Sonhei com as m\u00fasicas, as comidas, o cheiro, as cores, as texturas. Acordei enjoada. Nunca tinha me lembrado daquela \u00e9poca. Ser\u00e1 que era igual ao meu sonho ou teria sido por causa dos salgadinhos e docinhos de festa de crian\u00e7a?<\/p>\n<p>N\u00e3o! Certamente n\u00e3o foram os quitutes que me fizeram ter tamanho pesadelo. Como sei disso? F\u00e1cil. O anivers\u00e1rio da Maria Eduarda, minha sobrinha, ser\u00e1 no pr\u00f3ximo m\u00eas. Tamb\u00e9m n\u00e3o foi devido ao vinho que deixei de abrir ou mal-estar que senti ao ver pela en\u00e9sima vez &#8220;Psicose&#8221;, de Alfred Hitchcock. Nunca digeri direito a doentia figura de Norman Bates e aquela cena do chuveiro.<\/p>\n<p>Como sei disso? J\u00e1 faz mais de m\u00eas que n\u00e3o tenho tempo de parar diante da televis\u00e3o, pois meu dia a dia anda deveras corrido. Muitas provas de final de ano para corrigir, sem falar do estresse que me rouba qualquer bom-humor quando o Natal se aproxima.<\/p>\n<p>Como n\u00e3o gosto de Natal? Era a minha festa favorita quando menina, momento de muita correria com meus primos na casa da minha av\u00f3. A comida era das melhores tamb\u00e9m, apesar de tia Laura insistir em misturar ma\u00e7\u00e3 na maionese. Quando eu imaginava que tudo aquilo era batata, eis que, j\u00e1 na primeira dentada, aquele desconforto agridoce preenchia minha boca. A vontade era de cuspir, apesar do olhar de reprova\u00e7\u00e3o de mam\u00e3e.<\/p>\n<p>\u2014 Leila, deixa de bobagem! Ma\u00e7\u00e3 faz bem pra sa\u00fade.<\/p>\n<p>Engolia calada, enquanto meus grandes olhos castanhos eram preenchidos de l\u00e1grimas.<\/p>\n<p>\u2014 Ih, a Leila t\u00e1 chorando!<\/p>\n<p>\u2014 Augusto, por favor! Nada de implic\u00e2ncia com sua prima.<\/p>\n<p>\u2014 T\u00e1 bom, vov\u00f3.<\/p>\n<p>Mesmo com os panos quentes colocados por minha av\u00f3, bastava sair da mesa para que as outras crian\u00e7as come\u00e7assem a implicar comigo.<\/p>\n<p>\u2014 A Leila \u00e9 chorona!<\/p>\n<p>\u2014 A Leila \u00e9 manteiga derretida!<\/p>\n<p>\u2014 Bebezona!<\/p>\n<p>Hoje relembro isso com certo saudosismo. No entanto, naqueles tempos, a minha vontade era sumir. Ah, crian\u00e7as! Como \u00e9ramos sens\u00edveis \u00e0s menores coisas. Se bem que ainda n\u00e3o digeri muito bem essa coisa de gente que coloca ma\u00e7\u00e3 na maionese. Pra qu\u00ea? Por acaso querem salvar o mundo?<\/p>\n<p>Pesadelos v\u00eam e v\u00e3o sem avisar. Racional que sempre fui, n\u00e3o vou me deixar abalar por uma mera noite em claro. Hum! Pois, sim! O tempo urge, preciso me arrumar para ir trabalhar. Seja como for, antes de sair, bato tr\u00eas vezes na porta de casa. Quanto ao resto do dia, nada de passar por debaixo de escadas.<\/p>\n<p>&#8230;&#8230;&#8230;&#8230;&#8230;&#8230;&#8230;&#8230;&#8230;&#8230;&#8230;&#8230;&#8230;&#8230;&#8230;..<\/p>\n<p><strong>Eduardo Mart\u00ednez \u00e9 autor do livro 57 Contos e Cr\u00f4nicas por um Autor Muito Velho\u2019<\/strong><\/p>\n<p>Compre aqui\u00a0<span class=\"x19la9d6 x1fc57z9 x6ikm8r x10wlt62 x19co3pv x1g5zs5t xfibh0p xiy17q3 x1xsqp64 x1lkfr7t xexx8yu x4uap5 x18d9i69 xkhd6sd\"><span class=\"xrtxmta x1bhl96m\"><img decoding=\"async\" class=\"emoji\" role=\"img\" draggable=\"false\" src=\"https:\/\/s.w.org\/images\/core\/emoji\/15.0.3\/svg\/1f447-1f3ff.svg\" alt=\"&#x1f447;&#x1f3ff;\" \/><\/span><\/span><\/p>\n<p><a href=\"https:\/\/www.joanineditora.com.br\/57-contos-e-cronicas-por-um-autor-muito-velho\">https:\/\/www.joanineditora.com.br\/57-contos-e-cronicas-por-um-autor-muito-velho<\/a><\/p>\n","protected":false},"excerpt":{"rendered":"<p>Sonhei com a escola onde fiz o jardim de inf\u00e2ncia. Sonhei com as m\u00fasicas, as comidas, o cheiro, as cores, as texturas. Acordei enjoada. Nunca tinha me lembrado daquela \u00e9poca. Ser\u00e1 que era igual ao meu sonho ou teria sido por causa dos salgadinhos e docinhos de festa de crian\u00e7a? N\u00e3o! Certamente n\u00e3o foram os [&hellip;]<\/p>\n","protected":false},"author":2,"featured_media":349533,"comment_status":"closed","ping_status":"closed","sticky":false,"template":"","format":"standard","meta":{"_acf_changed":false,"footnotes":""},"categories":[161],"tags":[],"class_list":["post-349532","post","type-post","status-publish","format-standard","has-post-thumbnail","hentry","category-quadradinho-em-foco"],"acf":[],"_links":{"self":[{"href":"https:\/\/www.notibras.com\/site\/wp-json\/wp\/v2\/posts\/349532","targetHints":{"allow":["GET"]}}],"collection":[{"href":"https:\/\/www.notibras.com\/site\/wp-json\/wp\/v2\/posts"}],"about":[{"href":"https:\/\/www.notibras.com\/site\/wp-json\/wp\/v2\/types\/post"}],"author":[{"embeddable":true,"href":"https:\/\/www.notibras.com\/site\/wp-json\/wp\/v2\/users\/2"}],"replies":[{"embeddable":true,"href":"https:\/\/www.notibras.com\/site\/wp-json\/wp\/v2\/comments?post=349532"}],"version-history":[{"count":1,"href":"https:\/\/www.notibras.com\/site\/wp-json\/wp\/v2\/posts\/349532\/revisions"}],"predecessor-version":[{"id":349534,"href":"https:\/\/www.notibras.com\/site\/wp-json\/wp\/v2\/posts\/349532\/revisions\/349534"}],"wp:featuredmedia":[{"embeddable":true,"href":"https:\/\/www.notibras.com\/site\/wp-json\/wp\/v2\/media\/349533"}],"wp:attachment":[{"href":"https:\/\/www.notibras.com\/site\/wp-json\/wp\/v2\/media?parent=349532"}],"wp:term":[{"taxonomy":"category","embeddable":true,"href":"https:\/\/www.notibras.com\/site\/wp-json\/wp\/v2\/categories?post=349532"},{"taxonomy":"post_tag","embeddable":true,"href":"https:\/\/www.notibras.com\/site\/wp-json\/wp\/v2\/tags?post=349532"}],"curies":[{"name":"wp","href":"https:\/\/api.w.org\/{rel}","templated":true}]}}