{"id":349540,"date":"2025-03-07T00:05:39","date_gmt":"2025-03-07T03:05:39","guid":{"rendered":"https:\/\/www.notibras.com\/site\/?p=349540"},"modified":"2025-03-07T08:07:15","modified_gmt":"2025-03-07T11:07:15","slug":"jeronimo-manda-investigar-atuacao-da-pm-em-chacina-na-bahia","status":"publish","type":"post","link":"https:\/\/www.notibras.com\/site\/jeronimo-manda-investigar-atuacao-da-pm-em-chacina-na-bahia\/","title":{"rendered":"Jer\u00f4nimo manda investigar atua\u00e7\u00e3o da PM em chacina na Bahia"},"content":{"rendered":"<p>O governador da Bahia, Jer\u00f4nimo Rodrigues, pediu para a Pol\u00edcia Civil investigar um \u201cposs\u00edvel exagero\u201d da Pol\u00edcia Militar na opera\u00e7\u00e3o que terminou com 12 suspeitos de integrar uma fac\u00e7\u00e3o criminosa mortos, em Fazenda Coutos, no sub\u00farbio de Salvador, na ter\u00e7a-feira (4). A afirma\u00e7\u00e3o foi feita em transmiss\u00e3o ao vivo na internet sobre o balan\u00e7o do carnaval na Bahia, na noite de quarta-feira (5).<\/p>\n<p>\u201cN\u00f3s pedimos que todo o estudo seja feito para averiguar se houve algum exagero pela pol\u00edcia\u201d, disse Rodrigues. \u201cO estudo est\u00e1 acontecendo para a gente poder averiguar se h\u00e1 algum exagero\u201d, completou.<\/p>\n<p>A opera\u00e7\u00e3o policial que resultou em 12 mortos ocorreu ap\u00f3s relatos de uma invas\u00e3o promovida por um grupo armado de uma organiza\u00e7\u00e3o criminosa na regi\u00e3o de Fazenda Coutos.<\/p>\n<p>\u201cEssa comunidade tinha sido violentada e, por muito tempo, durante dois dias a comunidade estava se queixando com a pol\u00edcia, mandando pedidos de presen\u00e7a. E a intelig\u00eancia detectou atrav\u00e9s de c\u00e2meras a disputa de duas fac\u00e7\u00f5es. Uma delas, se colocando como vencedora, ganhou espa\u00e7o e queria mandar, proibindo as pessoas de circularem, e de imediato a Pol\u00edcia Militar estudou a \u00e1rea, mas eles enfrentaram a pol\u00edcia e, por conta disso, 12 tombaram\u201d, afirmou o governador.<\/p>\n<p><strong>Investiga\u00e7\u00e3o<\/strong><br \/>\nAp\u00f3s a chacina, o Minist\u00e9rio P\u00fablico (MP) da Bahia instaurou procedimento para investigar a atua\u00e7\u00e3o da Pol\u00edcia Militar. O procedimento ficou a cargo dos Grupos de Atua\u00e7\u00e3o Especial de Combate ao Crime Organizado (Gaeco) e de Atua\u00e7\u00e3o Especial Operacional de Seguran\u00e7a P\u00fablica (Geosp).<\/p>\n<p>Ontem, o MP se reuniu com as Secretarias de Seguran\u00e7a P\u00fablica (SSP) e de Justi\u00e7a e Direitos Humanos (SJDH), e com o comando das pol\u00edcias Militar e Civil para discutir encaminhamentos quanto \u00e0s investiga\u00e7\u00f5es sobre a interven\u00e7\u00e3o policial.<\/p>\n<p>\u201cEstamos em interlocu\u00e7\u00e3o direta com as autoridades policiais e for\u00e7as de seguran\u00e7a, acompanhando todos os passos da investiga\u00e7\u00e3o, com o Gaeco e o Geosp, no levantamento das informa\u00e7\u00f5es, principalmente das per\u00edcias, para que todas as circunst\u00e2ncias sejam apuradas com a devida transpar\u00eancia\u201d, disse o procurador Geral de Justi\u00e7a e chefe do MP da Bahia, Pedro Maia.<\/p>\n<p><strong>An\u00e1lise do cen\u00e1rio<\/strong><br \/>\nAp\u00f3s a chacina, o Instituto Fogo Cruzado defendeu a necessidade de se repensar a pol\u00edtica de seguran\u00e7a p\u00fablica no estado. Dados compilados pelo Fogo Cruzado mostram que esta \u00e9 a 100\u00aa chacina em Salvador e na Regi\u00e3o Metropolitana desde o in\u00edcio do levantamento de dados na Bahia, em julho de 2022. Desse total, 67% das chacinas envolvem policiais resultando em 261 mortos.<\/p>\n<p>Para a coordenadora regional do Instituto Fogo Cruzado na Bahia, Tailane Muniz, os n\u00fameros mostram que a pol\u00edtica de seguran\u00e7a precisa ser pensada para proteger todos os cidad\u00e3os.<\/p>\n<p>\u201cQuando 12 pessoas morrem numa a\u00e7\u00e3o policial, fica claro que a prioridade \u00e9 o confronto e n\u00e3o a prote\u00e7\u00e3o. Os moradores da regi\u00e3o enfrentaram mais de sete horas de um intenso tiroteio, o transporte p\u00fablico suspenso, e a pergunta que fica \u00e9: quais os resultados disso? O que vai mudar depois de tanto tiroteio e tantas mortes? Os dados de chacina ajudam a entender que mesmo com tanta morte ainda carecemos de uma pol\u00edtica eficiente e que d\u00ea os resultados esperados pela popula\u00e7\u00e3o\u201d, disse Tailane<\/p>\n","protected":false},"excerpt":{"rendered":"<p>O governador da Bahia, Jer\u00f4nimo Rodrigues, pediu para a Pol\u00edcia Civil investigar um \u201cposs\u00edvel exagero\u201d da Pol\u00edcia Militar na opera\u00e7\u00e3o que terminou com 12 suspeitos de integrar uma fac\u00e7\u00e3o criminosa mortos, em Fazenda Coutos, no sub\u00farbio de Salvador, na ter\u00e7a-feira (4). A afirma\u00e7\u00e3o foi feita em transmiss\u00e3o ao vivo na internet sobre o balan\u00e7o do [&hellip;]<\/p>\n","protected":false},"author":2,"featured_media":349541,"comment_status":"closed","ping_status":"closed","sticky":false,"template":"","format":"standard","meta":{"_acf_changed":false,"footnotes":""},"categories":[165],"tags":[],"class_list":["post-349540","post","type-post","status-publish","format-standard","has-post-thumbnail","hentry","category-nordeste"],"acf":[],"_links":{"self":[{"href":"https:\/\/www.notibras.com\/site\/wp-json\/wp\/v2\/posts\/349540","targetHints":{"allow":["GET"]}}],"collection":[{"href":"https:\/\/www.notibras.com\/site\/wp-json\/wp\/v2\/posts"}],"about":[{"href":"https:\/\/www.notibras.com\/site\/wp-json\/wp\/v2\/types\/post"}],"author":[{"embeddable":true,"href":"https:\/\/www.notibras.com\/site\/wp-json\/wp\/v2\/users\/2"}],"replies":[{"embeddable":true,"href":"https:\/\/www.notibras.com\/site\/wp-json\/wp\/v2\/comments?post=349540"}],"version-history":[{"count":1,"href":"https:\/\/www.notibras.com\/site\/wp-json\/wp\/v2\/posts\/349540\/revisions"}],"predecessor-version":[{"id":349542,"href":"https:\/\/www.notibras.com\/site\/wp-json\/wp\/v2\/posts\/349540\/revisions\/349542"}],"wp:featuredmedia":[{"embeddable":true,"href":"https:\/\/www.notibras.com\/site\/wp-json\/wp\/v2\/media\/349541"}],"wp:attachment":[{"href":"https:\/\/www.notibras.com\/site\/wp-json\/wp\/v2\/media?parent=349540"}],"wp:term":[{"taxonomy":"category","embeddable":true,"href":"https:\/\/www.notibras.com\/site\/wp-json\/wp\/v2\/categories?post=349540"},{"taxonomy":"post_tag","embeddable":true,"href":"https:\/\/www.notibras.com\/site\/wp-json\/wp\/v2\/tags?post=349540"}],"curies":[{"name":"wp","href":"https:\/\/api.w.org\/{rel}","templated":true}]}}