{"id":349546,"date":"2025-03-07T00:00:23","date_gmt":"2025-03-07T03:00:23","guid":{"rendered":"https:\/\/www.notibras.com\/site\/?p=349546"},"modified":"2025-03-07T08:32:02","modified_gmt":"2025-03-07T11:32:02","slug":"349546-2","status":"publish","type":"post","link":"https:\/\/www.notibras.com\/site\/349546-2\/","title":{"rendered":"Homem liga para a pol\u00edcia e pede para ser preso ap\u00f3s matar vizinho a facadas"},"content":{"rendered":"<p>Um homem de 24 anos ligou para a Pol\u00edcia Militar pedindo sua pr\u00f3pria pris\u00e3o horas depois de matar o vizinho a facadas em Rio Largo, na regi\u00e3o metropolitana de Macei\u00f3.<\/p>\n<p>De acordo com a PM, o crime aconteceu na Travessa da Granja, na Mata do Rolo, ap\u00f3s uma discuss\u00e3o entre os dois enquanto bebiam juntos. O suspeito confessou o assassinato e relatou que contou com a ajuda de parentes da esposa da v\u00edtima para cometer o crime.<\/p>\n<p>A liga\u00e7\u00e3o surpreendeu as autoridades, j\u00e1 que o homic\u00eddio j\u00e1 havia sido registrado na central de ocorr\u00eancias. \u201c\u00c9 uma situa\u00e7\u00e3o inusitada um criminoso procurar as for\u00e7as de seguran\u00e7a para confessar um crime e se entregar, como ocorreu neste caso em Rio Largo\u201d, afirmou o tenente-coronel F\u00e1bio Melo.<\/p>\n<p>Apesar da confiss\u00e3o, a Pol\u00edcia Civil de Alagoas seguir\u00e1 investigando o caso. Caso seja condenado, o suspeito pode pegar at\u00e9 30 anos de pris\u00e3o.<\/p>\n","protected":false},"excerpt":{"rendered":"<p>Um homem de 24 anos ligou para a Pol\u00edcia Militar pedindo sua pr\u00f3pria pris\u00e3o horas depois de matar o vizinho a facadas em Rio Largo, na regi\u00e3o metropolitana de Macei\u00f3. De acordo com a PM, o crime aconteceu na Travessa da Granja, na Mata do Rolo, ap\u00f3s uma discuss\u00e3o entre os dois enquanto bebiam juntos. [&hellip;]<\/p>\n","protected":false},"author":2,"featured_media":349547,"comment_status":"closed","ping_status":"closed","sticky":false,"template":"","format":"standard","meta":{"_acf_changed":false,"footnotes":""},"categories":[165],"tags":[],"class_list":["post-349546","post","type-post","status-publish","format-standard","has-post-thumbnail","hentry","category-nordeste"],"acf":[],"_links":{"self":[{"href":"https:\/\/www.notibras.com\/site\/wp-json\/wp\/v2\/posts\/349546","targetHints":{"allow":["GET"]}}],"collection":[{"href":"https:\/\/www.notibras.com\/site\/wp-json\/wp\/v2\/posts"}],"about":[{"href":"https:\/\/www.notibras.com\/site\/wp-json\/wp\/v2\/types\/post"}],"author":[{"embeddable":true,"href":"https:\/\/www.notibras.com\/site\/wp-json\/wp\/v2\/users\/2"}],"replies":[{"embeddable":true,"href":"https:\/\/www.notibras.com\/site\/wp-json\/wp\/v2\/comments?post=349546"}],"version-history":[{"count":2,"href":"https:\/\/www.notibras.com\/site\/wp-json\/wp\/v2\/posts\/349546\/revisions"}],"predecessor-version":[{"id":349549,"href":"https:\/\/www.notibras.com\/site\/wp-json\/wp\/v2\/posts\/349546\/revisions\/349549"}],"wp:featuredmedia":[{"embeddable":true,"href":"https:\/\/www.notibras.com\/site\/wp-json\/wp\/v2\/media\/349547"}],"wp:attachment":[{"href":"https:\/\/www.notibras.com\/site\/wp-json\/wp\/v2\/media?parent=349546"}],"wp:term":[{"taxonomy":"category","embeddable":true,"href":"https:\/\/www.notibras.com\/site\/wp-json\/wp\/v2\/categories?post=349546"},{"taxonomy":"post_tag","embeddable":true,"href":"https:\/\/www.notibras.com\/site\/wp-json\/wp\/v2\/tags?post=349546"}],"curies":[{"name":"wp","href":"https:\/\/api.w.org\/{rel}","templated":true}]}}