{"id":349550,"date":"2025-03-07T00:00:22","date_gmt":"2025-03-07T03:00:22","guid":{"rendered":"https:\/\/www.notibras.com\/site\/?p=349550"},"modified":"2025-03-07T08:41:46","modified_gmt":"2025-03-07T11:41:46","slug":"paula-belmonte-elogia-esquema-de-seguranca-durante-o-carnaval","status":"publish","type":"post","link":"https:\/\/www.notibras.com\/site\/paula-belmonte-elogia-esquema-de-seguranca-durante-o-carnaval\/","title":{"rendered":"Paula Belmonte elogia esquema de seguran\u00e7a durante o Carnaval"},"content":{"rendered":"<p>Encerrado o feriado de Carnaval, a C\u00e2mara Legislativa do Distrito Federal retomou as atividades nesta quinta-feira (6), com sess\u00e3o de debates em plen\u00e1rio.<\/p>\n<p>A deputada Paula Belmonte (Cidadania) aproveitou para elogiar o trabalho da Seguran\u00e7a P\u00fablica durante os dias de folia.<\/p>\n<p>\u201cEu e minha fam\u00edlia gostamos de \u2018pular\u2019, literalmente, o Carnaval. N\u00e3o sou de ir para folia, mas fiquei muito feliz com a baixa ocorr\u00eancia que aconteceu esse ano. Mostra que a Seguran\u00e7a P\u00fablica do Distrito Federal agiu\u201d, destacou.<\/p>\n<p>\u201cIsso nos traz uma sensa\u00e7\u00e3o de seguran\u00e7a maior\u201d, concluiu a parlamentar.<\/p>\n","protected":false},"excerpt":{"rendered":"<p>Encerrado o feriado de Carnaval, a C\u00e2mara Legislativa do Distrito Federal retomou as atividades nesta quinta-feira (6), com sess\u00e3o de debates em plen\u00e1rio. A deputada Paula Belmonte (Cidadania) aproveitou para elogiar o trabalho da Seguran\u00e7a P\u00fablica durante os dias de folia. \u201cEu e minha fam\u00edlia gostamos de \u2018pular\u2019, literalmente, o Carnaval. N\u00e3o sou de ir [&hellip;]<\/p>\n","protected":false},"author":2,"featured_media":349551,"comment_status":"closed","ping_status":"closed","sticky":false,"template":"","format":"standard","meta":{"_acf_changed":false,"footnotes":""},"categories":[161],"tags":[],"class_list":["post-349550","post","type-post","status-publish","format-standard","has-post-thumbnail","hentry","category-quadradinho-em-foco"],"acf":[],"_links":{"self":[{"href":"https:\/\/www.notibras.com\/site\/wp-json\/wp\/v2\/posts\/349550","targetHints":{"allow":["GET"]}}],"collection":[{"href":"https:\/\/www.notibras.com\/site\/wp-json\/wp\/v2\/posts"}],"about":[{"href":"https:\/\/www.notibras.com\/site\/wp-json\/wp\/v2\/types\/post"}],"author":[{"embeddable":true,"href":"https:\/\/www.notibras.com\/site\/wp-json\/wp\/v2\/users\/2"}],"replies":[{"embeddable":true,"href":"https:\/\/www.notibras.com\/site\/wp-json\/wp\/v2\/comments?post=349550"}],"version-history":[{"count":1,"href":"https:\/\/www.notibras.com\/site\/wp-json\/wp\/v2\/posts\/349550\/revisions"}],"predecessor-version":[{"id":349552,"href":"https:\/\/www.notibras.com\/site\/wp-json\/wp\/v2\/posts\/349550\/revisions\/349552"}],"wp:featuredmedia":[{"embeddable":true,"href":"https:\/\/www.notibras.com\/site\/wp-json\/wp\/v2\/media\/349551"}],"wp:attachment":[{"href":"https:\/\/www.notibras.com\/site\/wp-json\/wp\/v2\/media?parent=349550"}],"wp:term":[{"taxonomy":"category","embeddable":true,"href":"https:\/\/www.notibras.com\/site\/wp-json\/wp\/v2\/categories?post=349550"},{"taxonomy":"post_tag","embeddable":true,"href":"https:\/\/www.notibras.com\/site\/wp-json\/wp\/v2\/tags?post=349550"}],"curies":[{"name":"wp","href":"https:\/\/api.w.org\/{rel}","templated":true}]}}