{"id":349556,"date":"2025-03-07T06:53:04","date_gmt":"2025-03-07T09:53:04","guid":{"rendered":"https:\/\/www.notibras.com\/site\/?p=349556"},"modified":"2025-03-07T08:54:31","modified_gmt":"2025-03-07T11:54:31","slug":"fim-de-semana-tem-programacao-cultural-gratuita-e-despedida-do-carnaval","status":"publish","type":"post","link":"https:\/\/www.notibras.com\/site\/fim-de-semana-tem-programacao-cultural-gratuita-e-despedida-do-carnaval\/","title":{"rendered":"Fim de semana tem programa\u00e7\u00e3o cultural gratuita e despedida do Carnaval"},"content":{"rendered":"<p>Brasilienses e turistas ter\u00e3o diversas op\u00e7\u00f5es de cultura e lazer neste fim de semana. Com programa\u00e7\u00f5es que incluem exposi\u00e7\u00f5es art\u00edsticas, sess\u00f5es de cinema acess\u00edveis e a famosa ressaca de Carnaval, o que n\u00e3o falta \u00e9 atra\u00e7\u00e3o para quem n\u00e3o quer ficar em casa.<\/p>\n<p>No Memorial dos Povos Ind\u00edgenas, a exposi\u00e7\u00e3o Imenu: Arte Visual Kaxuyana e Tiriy\u00f3, idealizada pela artista ind\u00edgena B\u00e1rbara Rehkayie Kaxuyana, traz 30 pinturas que retratam grafismos e desenhos tradicionais dos povos kaxuyana e tiriy\u00f3. As obras foram criadas em oficinas realizadas na aldeia Santo Ant\u00f4nio, onde jovens e anci\u00e3os compartilharam hist\u00f3rias e t\u00e9cnicas ancestrais.<\/p>\n<p>Tendo como base as tintas sobre tecidos de algod\u00e3o cru, as pinturas conectam passado e presente, ressaltando a cultura desses povos origin\u00e1rios. A mostra fica em cartaz at\u00e9 o dia 23 deste m\u00eas, podendo ser visitada de ter\u00e7a a domingo, das 9h \u00e0s 17h.<\/p>\n<p>Tamb\u00e9m no Memorial dos Povos Ind\u00edgenas, a exposi\u00e7\u00e3o Sar\u00e3, \u00e3bakoh\u00e1y ~ug h\u00e3h\u00e3w: Ra\u00edzes, Mem\u00f3rias e Territ\u00f3rio, da artista Uakyr\u00ea Pankararu Braz, re\u00fane 20 obras que exploram a espiritualidade e a rela\u00e7\u00e3o dos povos pankararu e patax\u00f3 com seus territ\u00f3rios. Criadas com l\u00e1pis de cor, giz de cera, canetinhas e tinta guache, as ilustra\u00e7\u00f5es destacam a import\u00e2ncia das mulheres ind\u00edgenas como guardi\u00e3s da tradi\u00e7\u00e3o.<\/p>\n<p>Assim como Imenu, essa mostra faz parte do edital de incentivo \u00e0s exposi\u00e7\u00f5es tempor\u00e1rias do Memorial, com apoio do Fundo de Apoio \u00e0 Cultura (FAC), da Secretaria de Cultura e Economia Criativa (Secec-DF).<\/p>\n<p>Para os amantes da s\u00e9tima arte, o Cine Bras\u00edlia promove sess\u00e3o acess\u00edvel neste s\u00e1bado (8), \u00e0s 14h, com o filme Baby. A sess\u00e3o contar\u00e1 com audiodescri\u00e7\u00e3o no sistema de som, tradu\u00e7\u00e3o para Libras e legendas descritivas projetadas na tela, garantindo inclus\u00e3o para pessoas com defici\u00eancia auditiva e visual.<\/p>\n<p>O longa-metragem narra a trajet\u00f3ria de Wellington, um jovem rec\u00e9m-sa\u00eddo de um centro de deten\u00e7\u00e3o juvenil que encontra novas formas de sobreviv\u00eancia em S\u00e3o Paulo ao lado de Ronaldo, em uma hist\u00f3ria de amor e conflitos. A entrada \u00e9 gratuita, por ordem de chegada.<\/p>\n<p>E, para se despedir oficialmente das festividades carnavalescas, o bloco Carnapati organiza uma ressaca de Carnaval especial tamb\u00e9m no s\u00e1bado, das 8h \u00e0s 13h, no estacionamento do Eixo Cultural Ibero-americano, antiga Funarte. O evento gratuito contar\u00e1 com um espa\u00e7o dedicado para receber e adotar animais de estima\u00e7\u00e3o. Na programa\u00e7\u00e3o cultural, o destaque vai para o espet\u00e1culo Saltimbancos M\u00fasicos de Bremen, com sess\u00f5es \u00e0s 9h e 11h, e a apresenta\u00e7\u00e3o do jovem DJ Rei, que animar\u00e1 o p\u00fablico infantil com um repert\u00f3rio especial.<\/p>\n<p>Outras atra\u00e7\u00f5es n\u00e3o deixar\u00e3o o foli\u00e3o esquecer o Carnaval durante este final de semana. Veja abaixo aonde ir para aproveitar a saideira da festa.<\/p>\n<p>S\u00e1bado (8)<\/p>\n<p>\u21d2 Bloco Vamos Fullgil: 15h \u00e0s 22h, no estacionamento do Eixo Cultural Ibero-Americano, Plano Piloto<br \/>\n\u21d2 Vai com as Profanas: 14h \u00e0s 22h, na Galeria dos Estados, Plano Piloto<\/p>\n<p>Domingo (9)<\/p>\n<p>\u21d2 CarnaFam\u00edlia: 16h \u00e0s 23h, em S\u00e3o Sebasti\u00e3o (Rua 1, Quadra 7, Lote 20, Residencial do Bosque)<br \/>\n\u21d2 Bloco Carnaval Delas: 15h \u00e0s 22h, na Pra\u00e7a S\u00e3o Sebasti\u00e3o, Setor Tradicional de Planaltina<br \/>\n\u21d2 Bloco Manga Bot\u00e2nica: 14h \u00e0s 22h , no Parque Vivencial Jardim Bot\u00e2nico, Jardim Bot\u00e2nico.<\/p>\n","protected":false},"excerpt":{"rendered":"<p>Brasilienses e turistas ter\u00e3o diversas op\u00e7\u00f5es de cultura e lazer neste fim de semana. Com programa\u00e7\u00f5es que incluem exposi\u00e7\u00f5es art\u00edsticas, sess\u00f5es de cinema acess\u00edveis e a famosa ressaca de Carnaval, o que n\u00e3o falta \u00e9 atra\u00e7\u00e3o para quem n\u00e3o quer ficar em casa. No Memorial dos Povos Ind\u00edgenas, a exposi\u00e7\u00e3o Imenu: Arte Visual Kaxuyana e [&hellip;]<\/p>\n","protected":false},"author":2,"featured_media":349557,"comment_status":"closed","ping_status":"closed","sticky":false,"template":"","format":"standard","meta":{"_acf_changed":false,"footnotes":""},"categories":[161],"tags":[],"class_list":["post-349556","post","type-post","status-publish","format-standard","has-post-thumbnail","hentry","category-quadradinho-em-foco"],"acf":[],"_links":{"self":[{"href":"https:\/\/www.notibras.com\/site\/wp-json\/wp\/v2\/posts\/349556","targetHints":{"allow":["GET"]}}],"collection":[{"href":"https:\/\/www.notibras.com\/site\/wp-json\/wp\/v2\/posts"}],"about":[{"href":"https:\/\/www.notibras.com\/site\/wp-json\/wp\/v2\/types\/post"}],"author":[{"embeddable":true,"href":"https:\/\/www.notibras.com\/site\/wp-json\/wp\/v2\/users\/2"}],"replies":[{"embeddable":true,"href":"https:\/\/www.notibras.com\/site\/wp-json\/wp\/v2\/comments?post=349556"}],"version-history":[{"count":1,"href":"https:\/\/www.notibras.com\/site\/wp-json\/wp\/v2\/posts\/349556\/revisions"}],"predecessor-version":[{"id":349558,"href":"https:\/\/www.notibras.com\/site\/wp-json\/wp\/v2\/posts\/349556\/revisions\/349558"}],"wp:featuredmedia":[{"embeddable":true,"href":"https:\/\/www.notibras.com\/site\/wp-json\/wp\/v2\/media\/349557"}],"wp:attachment":[{"href":"https:\/\/www.notibras.com\/site\/wp-json\/wp\/v2\/media?parent=349556"}],"wp:term":[{"taxonomy":"category","embeddable":true,"href":"https:\/\/www.notibras.com\/site\/wp-json\/wp\/v2\/categories?post=349556"},{"taxonomy":"post_tag","embeddable":true,"href":"https:\/\/www.notibras.com\/site\/wp-json\/wp\/v2\/tags?post=349556"}],"curies":[{"name":"wp","href":"https:\/\/api.w.org\/{rel}","templated":true}]}}