{"id":349592,"date":"2025-03-08T02:00:01","date_gmt":"2025-03-08T05:00:01","guid":{"rendered":"https:\/\/www.notibras.com\/site\/?p=349592"},"modified":"2025-03-08T02:00:01","modified_gmt":"2025-03-08T05:00:01","slug":"nota-10-e-caso-isolado-e-nao-retrata-a-realidade-da-educacao-dos-nordestinos","status":"publish","type":"post","link":"https:\/\/www.notibras.com\/site\/nota-10-e-caso-isolado-e-nao-retrata-a-realidade-da-educacao-dos-nordestinos\/","title":{"rendered":"Nota 10 \u00e9 caso isolado e n\u00e3o retrata a realidade da educa\u00e7\u00e3o dos nordestinos"},"content":{"rendered":"<p>Era para ser motivo de festa, e de fato foi, quando estudantes nordestinos conquistaram a nota m\u00e1xima no \u00faltimo Enem. Orgulho, aplausos, manchetes. Mas no outro lado da estrada \u2013 aquela poeirenta, rachada pelo sol impiedoso do Sert\u00e3o \u2013 h\u00e1 um sil\u00eancio que n\u00e3o estampa capas de jornais.<\/p>\n<p>O menino que caminha l\u00e9guas para chegar \u00e0 escola encontra o port\u00e3o fechado porque o professor n\u00e3o veio. N\u00e3o porque quis, mas porque n\u00e3o h\u00e1 professor suficiente. O livro did\u00e1tico, quando chega, j\u00e1 vem com cheiro de passado, carregando li\u00e7\u00f5es de um tempo que o futuro j\u00e1 esqueceu. O sinal do celular n\u00e3o d\u00e1 not\u00edcia, a internet \u00e9 uma miragem, e a biblioteca mais pr\u00f3xima fica a dezenas de quil\u00f4metros de dist\u00e2ncia. Ainda assim, dizem que estudar \u00e9 quest\u00e3o de esfor\u00e7o.<\/p>\n<p>A televis\u00e3o exibe a vit\u00f3ria dos poucos que conseguiram atravessar o deserto da desigualdade e chegaram \u00e0 outra margem, aquela onde se mede a intelig\u00eancia pelo desempenho em uma prova. \u201cSe um pode, todos podem\u201d, algu\u00e9m solta com displic\u00eancia na roda de conversa. Mas ser\u00e1 mesmo? Ser\u00e1 que podem aqueles que nem sempre t\u00eam luz el\u00e9trica para estudar \u00e0 noite? Ser\u00e1 que podem os que abandonam os cadernos para ajudar no sustento da fam\u00edlia? Ser\u00e1 que podem os que sequer aprenderam a ler porque o ensino fundamental ficou pelo caminho?<\/p>\n<p>A exce\u00e7\u00e3o n\u00e3o pode ser usada como r\u00e9gua para medir a regra. Celebrar as conquistas individuais \u00e9 necess\u00e1rio, mas n\u00e3o pode ser desculpa para fechar os olhos \u00e0 realidade de tantos outros que nunca ter\u00e3o essa chance. Para esses, n\u00e3o h\u00e1 holofotes. Apenas um futuro que segue escrito na poeira, aguardando o dia em que algu\u00e9m, enfim, trar\u00e1 as palavras que o vento ainda insiste em levar.<\/p>\n<p>O programa P\u00e9 de Meia, embora represente um avan\u00e7o ao incentivar a perman\u00eancia dos alunos na escola, n\u00e3o \u00e9 solu\u00e7\u00e3o para todos os problemas. A realidade mostra que a evas\u00e3o escolar n\u00e3o se d\u00e1 apenas por falta de incentivos financeiros, mas tamb\u00e9m pela aus\u00eancia de infraestrutura adequada e qualidade de ensino. Al\u00e9m disso, a forma\u00e7\u00e3o educacional se mostra incompleta sem o ensino t\u00e9cnico e profissionalizante, essencial para preparar os jovens para o mercado de trabalho. Em s\u00edntese, dizer que a educa\u00e7\u00e3o p\u00fablica no Nordeste \u00e9 Nota 10 \u00e9 uma mera utopia, pois a realidade ainda grita por mudan\u00e7as estruturais e investimentos que garantam oportunidades para todos.<\/p>\n","protected":false},"excerpt":{"rendered":"<p>Era para ser motivo de festa, e de fato foi, quando estudantes nordestinos conquistaram a nota m\u00e1xima no \u00faltimo Enem. Orgulho, aplausos, manchetes. Mas no outro lado da estrada \u2013 aquela poeirenta, rachada pelo sol impiedoso do Sert\u00e3o \u2013 h\u00e1 um sil\u00eancio que n\u00e3o estampa capas de jornais. O menino que caminha l\u00e9guas para chegar [&hellip;]<\/p>\n","protected":false},"author":2,"featured_media":349593,"comment_status":"closed","ping_status":"closed","sticky":false,"template":"","format":"standard","meta":{"_acf_changed":false,"footnotes":""},"categories":[165],"tags":[],"class_list":["post-349592","post","type-post","status-publish","format-standard","has-post-thumbnail","hentry","category-nordeste"],"acf":[],"_links":{"self":[{"href":"https:\/\/www.notibras.com\/site\/wp-json\/wp\/v2\/posts\/349592","targetHints":{"allow":["GET"]}}],"collection":[{"href":"https:\/\/www.notibras.com\/site\/wp-json\/wp\/v2\/posts"}],"about":[{"href":"https:\/\/www.notibras.com\/site\/wp-json\/wp\/v2\/types\/post"}],"author":[{"embeddable":true,"href":"https:\/\/www.notibras.com\/site\/wp-json\/wp\/v2\/users\/2"}],"replies":[{"embeddable":true,"href":"https:\/\/www.notibras.com\/site\/wp-json\/wp\/v2\/comments?post=349592"}],"version-history":[{"count":1,"href":"https:\/\/www.notibras.com\/site\/wp-json\/wp\/v2\/posts\/349592\/revisions"}],"predecessor-version":[{"id":349594,"href":"https:\/\/www.notibras.com\/site\/wp-json\/wp\/v2\/posts\/349592\/revisions\/349594"}],"wp:featuredmedia":[{"embeddable":true,"href":"https:\/\/www.notibras.com\/site\/wp-json\/wp\/v2\/media\/349593"}],"wp:attachment":[{"href":"https:\/\/www.notibras.com\/site\/wp-json\/wp\/v2\/media?parent=349592"}],"wp:term":[{"taxonomy":"category","embeddable":true,"href":"https:\/\/www.notibras.com\/site\/wp-json\/wp\/v2\/categories?post=349592"},{"taxonomy":"post_tag","embeddable":true,"href":"https:\/\/www.notibras.com\/site\/wp-json\/wp\/v2\/tags?post=349592"}],"curies":[{"name":"wp","href":"https:\/\/api.w.org\/{rel}","templated":true}]}}