{"id":349619,"date":"2025-03-08T00:17:09","date_gmt":"2025-03-08T03:17:09","guid":{"rendered":"https:\/\/www.notibras.com\/site\/?p=349619"},"modified":"2025-03-08T07:18:41","modified_gmt":"2025-03-08T10:18:41","slug":"piaui-zera-imposto-de-alguns-produtos-da-cesta-basica","status":"publish","type":"post","link":"https:\/\/www.notibras.com\/site\/piaui-zera-imposto-de-alguns-produtos-da-cesta-basica\/","title":{"rendered":"Piau\u00ed zera imposto de alguns produtos da cesta b\u00e1sica"},"content":{"rendered":"<p>O governador do Piau\u00ed, Rafael Fonteles, anunciou nesta sexta-feira (7) a isen\u00e7\u00e3o do Imposto sobre Circula\u00e7\u00e3o de Mercadorias e Servi\u00e7os (ICMS) para alguns produtos da cesta b\u00e1sica. A medida entra em vigor no dia 1\u00ba de abril e tem a finalidade de baixar o custo dos alimentos para a popula\u00e7\u00e3o.<\/p>\n<p>No estado, os itens que ter\u00e3o isen\u00e7\u00e3o total do imposto s\u00e3o: arroz, feij\u00e3o, farinha de mandioca, hortali\u00e7as, frutas frescas, ovos, leite in natura e pasteurizado, al\u00e9m de carnes e derivados de aves, su\u00ednos, caprinos e ovinos, sejam eles vivos, abatidos ou processados. Tamb\u00e9m entram na lista produtos como banha su\u00edna, fava comest\u00edvel, polvilho de mandioca e sal de cozinha.<\/p>\n<p>Al\u00e9m disso, alguns produtos ter\u00e3o um regime tribut\u00e1rio especial, com redu\u00e7\u00e3o da base de c\u00e1lculo do ICMS para 7%. Entre eles est\u00e3o caf\u00e9 em gr\u00e3o cru ou torrado e mo\u00eddo (exceto sol\u00favel ou descafeinado), \u00f3leo vegetal comest\u00edvel (exceto de oliva), margarina, creme vegetal, leite em p\u00f3 e p\u00f3 para preparo de bebida l\u00e1ctea em embalagem de at\u00e9 200 gramas.<\/p>\n<p>De acordo com Fonteles, a medida faz parte dos esfor\u00e7os do governo para reduzir os pre\u00e7os dos alimentos essenciais. \u201cEssa \u00e9 uma lei sancionada ainda no ano passado, acompanhada de um decreto, que garante a isen\u00e7\u00e3o de ICMS para diversos produtos da cesta b\u00e1sica. O estado do Piau\u00ed est\u00e1 contribuindo diretamente para a redu\u00e7\u00e3o dos pre\u00e7os dos alimentos\u201d, afirmou o governador, em rede social.<\/p>\n<p>Nesta quinta-feira (6), o vice-presidente da Rep\u00fablica Geraldo Alckmin anunciou novas medidas do governo federal para reduzir o custo dos itens da cesta b\u00e1sica, incluindo a isen\u00e7\u00e3o da al\u00edquota de importa\u00e7\u00e3o. Alckmin solicitou tamb\u00e9m aos estados que zerem o ICMS sobre esses produtos.<\/p>\n","protected":false},"excerpt":{"rendered":"<p>O governador do Piau\u00ed, Rafael Fonteles, anunciou nesta sexta-feira (7) a isen\u00e7\u00e3o do Imposto sobre Circula\u00e7\u00e3o de Mercadorias e Servi\u00e7os (ICMS) para alguns produtos da cesta b\u00e1sica. A medida entra em vigor no dia 1\u00ba de abril e tem a finalidade de baixar o custo dos alimentos para a popula\u00e7\u00e3o. No estado, os itens que [&hellip;]<\/p>\n","protected":false},"author":2,"featured_media":349620,"comment_status":"closed","ping_status":"closed","sticky":false,"template":"","format":"standard","meta":{"_acf_changed":false,"footnotes":""},"categories":[165],"tags":[],"class_list":["post-349619","post","type-post","status-publish","format-standard","has-post-thumbnail","hentry","category-nordeste"],"acf":[],"_links":{"self":[{"href":"https:\/\/www.notibras.com\/site\/wp-json\/wp\/v2\/posts\/349619","targetHints":{"allow":["GET"]}}],"collection":[{"href":"https:\/\/www.notibras.com\/site\/wp-json\/wp\/v2\/posts"}],"about":[{"href":"https:\/\/www.notibras.com\/site\/wp-json\/wp\/v2\/types\/post"}],"author":[{"embeddable":true,"href":"https:\/\/www.notibras.com\/site\/wp-json\/wp\/v2\/users\/2"}],"replies":[{"embeddable":true,"href":"https:\/\/www.notibras.com\/site\/wp-json\/wp\/v2\/comments?post=349619"}],"version-history":[{"count":1,"href":"https:\/\/www.notibras.com\/site\/wp-json\/wp\/v2\/posts\/349619\/revisions"}],"predecessor-version":[{"id":349621,"href":"https:\/\/www.notibras.com\/site\/wp-json\/wp\/v2\/posts\/349619\/revisions\/349621"}],"wp:featuredmedia":[{"embeddable":true,"href":"https:\/\/www.notibras.com\/site\/wp-json\/wp\/v2\/media\/349620"}],"wp:attachment":[{"href":"https:\/\/www.notibras.com\/site\/wp-json\/wp\/v2\/media?parent=349619"}],"wp:term":[{"taxonomy":"category","embeddable":true,"href":"https:\/\/www.notibras.com\/site\/wp-json\/wp\/v2\/categories?post=349619"},{"taxonomy":"post_tag","embeddable":true,"href":"https:\/\/www.notibras.com\/site\/wp-json\/wp\/v2\/tags?post=349619"}],"curies":[{"name":"wp","href":"https:\/\/api.w.org\/{rel}","templated":true}]}}