{"id":349622,"date":"2025-03-08T00:00:18","date_gmt":"2025-03-08T03:00:18","guid":{"rendered":"https:\/\/www.notibras.com\/site\/?p=349622"},"modified":"2025-03-08T07:28:19","modified_gmt":"2025-03-08T10:28:19","slug":"condenados-militares-que-desviaram-comida-destinada-a-escola","status":"publish","type":"post","link":"https:\/\/www.notibras.com\/site\/condenados-militares-que-desviaram-comida-destinada-a-escola\/","title":{"rendered":"Condenados militares que desviaram comida destinada a escola"},"content":{"rendered":"<p>O Superior Tribunal Militar (STM) condenou sete militares das For\u00e7as Armadas pela participa\u00e7\u00e3o em um esquema de desvio de alimentos em uma escola militar localizada em Recife. O julgamento ocorreu no dia 25 de fevereiro deste ano.<\/p>\n<p>O caso foi denunciado ap\u00f3s a divulga\u00e7\u00e3o de um v\u00eddeo no qual os militares foram flagrados colocando caixas de carnes e outros alimentos em viaturas e carros particulares ap\u00f3s o hor\u00e1rio de expediente.<\/p>\n<p>De acordo com a investiga\u00e7\u00e3o, o esquema come\u00e7ou a operar em 2016 e contou com a coopta\u00e7\u00e3o de militares de baixa patente para realiza\u00e7\u00e3o dos desvios, que somaram R$ 69,5 mil e 150 quilos de carne desviados.<\/p>\n<p>Conforme a senten\u00e7a, um capit\u00e3o, tr\u00eas sargentos, dois cabos e um soldado do Ex\u00e9rcito dever\u00e3o cumprir penas que variam entre 5 e 7 anos de pris\u00e3o. Os acusados n\u00e3o tiveram os nomes divulgados.<\/p>\n<p>Al\u00e9m de pena de pris\u00e3o, o capit\u00e3o vai responder a um processo que pode terminar na perda do cargo por indignidade e incompatibilidade com o oficialato. Os demais r\u00e9us receberam como pena acess\u00f3ria a exclus\u00e3o das For\u00e7as Armadas.<\/p>\n","protected":false},"excerpt":{"rendered":"<p>O Superior Tribunal Militar (STM) condenou sete militares das For\u00e7as Armadas pela participa\u00e7\u00e3o em um esquema de desvio de alimentos em uma escola militar localizada em Recife. O julgamento ocorreu no dia 25 de fevereiro deste ano. O caso foi denunciado ap\u00f3s a divulga\u00e7\u00e3o de um v\u00eddeo no qual os militares foram flagrados colocando caixas [&hellip;]<\/p>\n","protected":false},"author":2,"featured_media":256574,"comment_status":"closed","ping_status":"closed","sticky":false,"template":"","format":"standard","meta":{"_acf_changed":false,"footnotes":""},"categories":[165],"tags":[],"class_list":["post-349622","post","type-post","status-publish","format-standard","has-post-thumbnail","hentry","category-nordeste"],"acf":[],"_links":{"self":[{"href":"https:\/\/www.notibras.com\/site\/wp-json\/wp\/v2\/posts\/349622","targetHints":{"allow":["GET"]}}],"collection":[{"href":"https:\/\/www.notibras.com\/site\/wp-json\/wp\/v2\/posts"}],"about":[{"href":"https:\/\/www.notibras.com\/site\/wp-json\/wp\/v2\/types\/post"}],"author":[{"embeddable":true,"href":"https:\/\/www.notibras.com\/site\/wp-json\/wp\/v2\/users\/2"}],"replies":[{"embeddable":true,"href":"https:\/\/www.notibras.com\/site\/wp-json\/wp\/v2\/comments?post=349622"}],"version-history":[{"count":1,"href":"https:\/\/www.notibras.com\/site\/wp-json\/wp\/v2\/posts\/349622\/revisions"}],"predecessor-version":[{"id":349623,"href":"https:\/\/www.notibras.com\/site\/wp-json\/wp\/v2\/posts\/349622\/revisions\/349623"}],"wp:featuredmedia":[{"embeddable":true,"href":"https:\/\/www.notibras.com\/site\/wp-json\/wp\/v2\/media\/256574"}],"wp:attachment":[{"href":"https:\/\/www.notibras.com\/site\/wp-json\/wp\/v2\/media?parent=349622"}],"wp:term":[{"taxonomy":"category","embeddable":true,"href":"https:\/\/www.notibras.com\/site\/wp-json\/wp\/v2\/categories?post=349622"},{"taxonomy":"post_tag","embeddable":true,"href":"https:\/\/www.notibras.com\/site\/wp-json\/wp\/v2\/tags?post=349622"}],"curies":[{"name":"wp","href":"https:\/\/api.w.org\/{rel}","templated":true}]}}