{"id":349624,"date":"2025-03-08T07:40:34","date_gmt":"2025-03-08T10:40:34","guid":{"rendered":"https:\/\/www.notibras.com\/site\/?p=349624"},"modified":"2025-03-08T07:41:54","modified_gmt":"2025-03-08T10:41:54","slug":"maria-lucia-a-moca-que-nao-romantizava-a-vida-nem-com-oferta-de-sonho-de-valsa","status":"publish","type":"post","link":"https:\/\/www.notibras.com\/site\/maria-lucia-a-moca-que-nao-romantizava-a-vida-nem-com-oferta-de-sonho-de-valsa\/","title":{"rendered":"Maria L\u00facia, a mo\u00e7a que n\u00e3o romantizava a vida nem com oferta de Sonho de Valsa"},"content":{"rendered":"<p>Meu pai, por conta de compromissos, sempre viajou muito. Era tempo de tristeza na partida, saudade na aus\u00eancia e esfuziante alegria no retorno. \u00c9 verdade que, de vez quase nunca, ele lev\u00e1vamos a tiracolo.<\/p>\n<p>N\u00e3o sei exatamente em que ano foi, mas provavelmente aconteceu pouco antes do golpe de 1964. Sei porque, logo ap\u00f3s a implementa\u00e7\u00e3o da Ditadura Militar, papai definhou de tal maneira, que, desgostoso da vida, deixou-se levar. Vi\u00fava, minha m\u00e3e precisou ser firme para n\u00e3o deixar que a fam\u00edlia sucumbisse.<\/p>\n<p>Voltando alguns anos antes desse tenebroso per\u00edodo, l\u00e1 est\u00e1vamos papai, mam\u00e3e e eu no ent\u00e3o praticamente novo Aero Willys vermelho cruzando as estradas entre Bras\u00edlia e Minas Gerais. Janelas abertas, o vento desfazia as tran\u00e7as que minha m\u00e3e havia feito em mim. No r\u00e1dio, &#8220;Fica comigo esta noite&#8221;, do Nelson Gon\u00e7alves, era uma das in\u00fameras m\u00fasicas que ouv\u00edamos.<\/p>\n<p>Sentada no banco de tr\u00e1s, gostava de ver meu pai engrossando a voz para imitar o famoso cantor, enquanto mam\u00e3e recostava seu rosto no ombro do marido. Ela, apesar de morena, estava loira, talvez influenciada por alguma famosa atriz de Hollywood.<\/p>\n<p>\u2014 Mam\u00e3e, posso ser loira tamb\u00e9m?<\/p>\n<p>\u2014 Maria L\u00facia, minha filha, quando voc\u00ea crescer, pode ser o que voc\u00ea quiser.<\/p>\n<p>\u2014 At\u00e9 ruiva?<\/p>\n<p>\u2014 At\u00e9 ruiva.<\/p>\n<p>\u00c9 engra\u00e7ado pensar que, um dia, tivesse tido planos de pintar os cabelos. N\u00e3o sei exatamente o que aconteceu comigo desde ent\u00e3o, mas sempre gostei do tom escuro das minhas madeixas.<\/p>\n<p>Papai, ao longo do trajeto, precisava parar em um posto para abastecer. Nesses momentos, aproveit\u00e1vamos para esticar as pernas e ir ao banheiro.<\/p>\n<p>\u2014 Maria L\u00facia, olha seu cabelo? Cad\u00ea as tran\u00e7as que fiz?<\/p>\n<p>\u2014 Ah, mam\u00e3e, parece que o vento n\u00e3o gostou muito.<\/p>\n<p>\u2014 Que bobagem! Tenho certeza de que gostou, sim. Tanto \u00e9 que as roubou para ele.<\/p>\n<p>Minha m\u00e3e sempre teve um senso de humor bem melhor do que o meu. N\u00e3o que eu tivesse sido uma crian\u00e7a sisuda, mas nunca entendi direito aquela maneira l\u00fadica de mam\u00e3e encarar o mundo. At\u00e9 mesmo depois que ficou vi\u00fava, ela nunca deixou a peteca cair, pelo menos n\u00e3o na minha frente. Deve ter chorado enquanto sozinha no seu quarto, certamente para n\u00e3o demonstrar fraquezas, que, afinal, todos temos.<\/p>\n<p>N\u00e3o sei exatamente onde foi que me deparei pela primeira vez com um Sonho de Valsa, aquele bombom t\u00e3o enaltecido por tanta gente. Fiquei impressionada com aquele inv\u00f3lucro t\u00e3o chamativo.<\/p>\n<p>\u2014 Papai, me d\u00e1 um?<\/p>\n<p>\u2014 Maria L\u00facia, tem certeza?<\/p>\n<p>\u2014 Sim.<\/p>\n<p>\u2014 T\u00e1 bom. Vou comprar pra sua m\u00e3e tamb\u00e9m, ela adora.<\/p>\n<p>\u2014 N\u00e3o \u00e9 melhor comprar tr\u00eas?<\/p>\n<p>\u2014 Tr\u00eas?<\/p>\n<p>\u2014 Sim. Um pro senhor tamb\u00e9m.<\/p>\n<p>\u2014 Ah, n\u00e3o gosto de chocolate.<\/p>\n<p>N\u00e3o sei se fui influenciada pelas palavras do meu pai, mas n\u00e3o gostei do sabor. Minha m\u00e3e devorou os tr\u00eas, enquanto papai e eu r\u00edamos. At\u00e9 hoje tenho certa avers\u00e3o a chocolate e doces em geral. Meu marido costuma dizer que preciso ado\u00e7ar um pouco a vida. No entanto, nossa filha, hoje com 16 anos, parece que encontrou a resposta para isso.<\/p>\n<p>\u2014 Papai, a mam\u00e3e \u00e9 do tipo de mulher que sabe que n\u00e3o se deve romantizar a vida.<\/p>\n<p>&#8230;&#8230;&#8230;&#8230;&#8230;&#8230;&#8230;..<\/p>\n<p><strong>Eduardo Mart\u00ednez \u00e9 autor do livro 57 Contos e Cr\u00f4nicas por um Autor Muito Velho\u2019<\/strong><\/p>\n<p>Compre aqui\u00a0<span class=\"x19la9d6 x1fc57z9 x6ikm8r x10wlt62 x19co3pv x1g5zs5t xfibh0p xiy17q3 x1xsqp64 x1lkfr7t xexx8yu x4uap5 x18d9i69 xkhd6sd\"><span class=\"xrtxmta x1bhl96m\"><img decoding=\"async\" class=\"emoji\" role=\"img\" draggable=\"false\" src=\"https:\/\/s.w.org\/images\/core\/emoji\/15.0.3\/svg\/1f447-1f3ff.svg\" alt=\"&#x1f447;&#x1f3ff;\" \/><\/span><\/span><\/p>\n<p><a href=\"https:\/\/www.joanineditora.com.br\/57-contos-e-cronicas-por-um-autor-muito-velho\">https:\/\/www.joanineditora.com.br\/57-contos-e-cronicas-por-um-autor-muito-velho<\/a><\/p>\n","protected":false},"excerpt":{"rendered":"<p>Meu pai, por conta de compromissos, sempre viajou muito. Era tempo de tristeza na partida, saudade na aus\u00eancia e esfuziante alegria no retorno. \u00c9 verdade que, de vez quase nunca, ele lev\u00e1vamos a tiracolo. N\u00e3o sei exatamente em que ano foi, mas provavelmente aconteceu pouco antes do golpe de 1964. Sei porque, logo ap\u00f3s a [&hellip;]<\/p>\n","protected":false},"author":2,"featured_media":349625,"comment_status":"closed","ping_status":"closed","sticky":false,"template":"","format":"standard","meta":{"_acf_changed":false,"footnotes":""},"categories":[161],"tags":[],"class_list":["post-349624","post","type-post","status-publish","format-standard","has-post-thumbnail","hentry","category-quadradinho-em-foco"],"acf":[],"_links":{"self":[{"href":"https:\/\/www.notibras.com\/site\/wp-json\/wp\/v2\/posts\/349624","targetHints":{"allow":["GET"]}}],"collection":[{"href":"https:\/\/www.notibras.com\/site\/wp-json\/wp\/v2\/posts"}],"about":[{"href":"https:\/\/www.notibras.com\/site\/wp-json\/wp\/v2\/types\/post"}],"author":[{"embeddable":true,"href":"https:\/\/www.notibras.com\/site\/wp-json\/wp\/v2\/users\/2"}],"replies":[{"embeddable":true,"href":"https:\/\/www.notibras.com\/site\/wp-json\/wp\/v2\/comments?post=349624"}],"version-history":[{"count":3,"href":"https:\/\/www.notibras.com\/site\/wp-json\/wp\/v2\/posts\/349624\/revisions"}],"predecessor-version":[{"id":349628,"href":"https:\/\/www.notibras.com\/site\/wp-json\/wp\/v2\/posts\/349624\/revisions\/349628"}],"wp:featuredmedia":[{"embeddable":true,"href":"https:\/\/www.notibras.com\/site\/wp-json\/wp\/v2\/media\/349625"}],"wp:attachment":[{"href":"https:\/\/www.notibras.com\/site\/wp-json\/wp\/v2\/media?parent=349624"}],"wp:term":[{"taxonomy":"category","embeddable":true,"href":"https:\/\/www.notibras.com\/site\/wp-json\/wp\/v2\/categories?post=349624"},{"taxonomy":"post_tag","embeddable":true,"href":"https:\/\/www.notibras.com\/site\/wp-json\/wp\/v2\/tags?post=349624"}],"curies":[{"name":"wp","href":"https:\/\/api.w.org\/{rel}","templated":true}]}}