{"id":349629,"date":"2025-03-08T06:12:21","date_gmt":"2025-03-08T09:12:21","guid":{"rendered":"https:\/\/www.notibras.com\/site\/?p=349629"},"modified":"2025-03-08T08:15:20","modified_gmt":"2025-03-08T11:15:20","slug":"sindrome-respiratoria-deixa-populacao-brasiliense-em-alerta","status":"publish","type":"post","link":"https:\/\/www.notibras.com\/site\/sindrome-respiratoria-deixa-populacao-brasiliense-em-alerta\/","title":{"rendered":"S\u00edndrome respirat\u00f3ria deixa popula\u00e7\u00e3o brasiliense em alerta"},"content":{"rendered":"<p>Toda a regi\u00e3o do Distrito Federal est\u00e1 apresentando incid\u00eancia de S\u00edndrome Respirat\u00f3ria Aguda Grave (SRAG) em n\u00edveis de alerta ou risco nas \u00faltimas duas semanas.<\/p>\n<p>A informa\u00e7\u00e3o faz parte do boletim semanal InfoGripe, divulgado nesta sexta-feira (7) pela Funda\u00e7\u00e3o Oswaldo Cruz (Fiocruz), que traz dados at\u00e9 1\u00ba de mar\u00e7o.<\/p>\n<p>A SRAG \u00e9 uma complica\u00e7\u00e3o marcada por grande dificuldade para respirar, sensa\u00e7\u00e3o de peso no peito e queda no n\u00edvel de satura\u00e7\u00e3o, entre outros sintomas. O tratamento precisa de hospitaliza\u00e7\u00e3o.<\/p>\n<p>O boletim da Fiocruz identifica ainda \u201cmanuten\u00e7\u00e3o da tend\u00eancia de crescimento\u201d do n\u00famero de casos de SRAG em crian\u00e7as e adolescentes at\u00e9 14 anos.<\/p>\n<p>De acordo com a pesquisadora do InfoGripe Tatiana Portella, a volta \u00e0s aulas \u00e9 um dos motivos desse aumento nas \u00faltimas semanas.<\/p>\n<p>\u201c\u00c9 um padr\u00e3o que a gente vem observado nos \u00faltimos anos. Nas escolas, geralmente, as crian\u00e7as acabam tendo maior contato umas com as outras e ficam mais tempo em ambientes fechados, o que favorece a transmiss\u00e3o desses v\u00edrus respirat\u00f3rios\u201d, explica.<\/p>\n<p>A an\u00e1lise dos registros aponta que em crian\u00e7as at\u00e9 2 anos, os casos est\u00e3o associados ao v\u00edrus sincicial respirat\u00f3rio (VSR). Na faixa et\u00e1ria de 2 a 14 anos, os casos s\u00e3o causados pelo rinov\u00edrus.<\/p>\n<p>Tatiana Portella avalia que os casos de SRAG em crian\u00e7as pequenas no DF est\u00e3o relacionados \u201cao in\u00edcio de temporada do VSR na regi\u00e3o\u201d.<\/p>\n<p>O VSR acomete com muita frequ\u00eancia os primeiros meses de vida dos beb\u00eas e leva a casos como bronquiolite, doen\u00e7a que come\u00e7a com febre, tosse, igual a outras doen\u00e7as respirat\u00f3rias, mas que progride para um quadro de cansa\u00e7o e insufici\u00eancia respirat\u00f3ria.<\/p>\n<p><strong>Cuidados<\/strong><br \/>\nA pesquisadora Tatiana Portella recomenda que, especialmente neste momento p\u00f3s-carnaval, pessoas que apresentem sintomas de gripe e resfriado fiquem em casa em isolamento.<\/p>\n<p>\u201cMas, se precisar sair, use uma boa m\u00e1scara. Nesta \u00e9poca tamb\u00e9m \u00e9 importante evitar visitar crian\u00e7as pequenas sem uso de m\u00e1scara, j\u00e1 que esse grupo \u00e9 mais vulner\u00e1vel a v\u00e1rios tipos de v\u00edrus de transmiss\u00e3o respirat\u00f3ria\u201d, diz.<\/p>\n<p>Ela recomenda tamb\u00e9m que todos mantenham o esquema vacinal completo contra a covid-19. O imunizante est\u00e1 dispon\u00edvel gratuitamente nas unidades de sa\u00fade de todo o pa\u00eds.<\/p>\n<p>A vacina pode ser aplicada em crian\u00e7as a partir de 6 meses de vida.<\/p>\n","protected":false},"excerpt":{"rendered":"<p>Toda a regi\u00e3o do Distrito Federal est\u00e1 apresentando incid\u00eancia de S\u00edndrome Respirat\u00f3ria Aguda Grave (SRAG) em n\u00edveis de alerta ou risco nas \u00faltimas duas semanas. A informa\u00e7\u00e3o faz parte do boletim semanal InfoGripe, divulgado nesta sexta-feira (7) pela Funda\u00e7\u00e3o Oswaldo Cruz (Fiocruz), que traz dados at\u00e9 1\u00ba de mar\u00e7o. A SRAG \u00e9 uma complica\u00e7\u00e3o marcada [&hellip;]<\/p>\n","protected":false},"author":2,"featured_media":349630,"comment_status":"closed","ping_status":"closed","sticky":false,"template":"","format":"standard","meta":{"_acf_changed":false,"footnotes":""},"categories":[161],"tags":[],"class_list":["post-349629","post","type-post","status-publish","format-standard","has-post-thumbnail","hentry","category-quadradinho-em-foco"],"acf":[],"_links":{"self":[{"href":"https:\/\/www.notibras.com\/site\/wp-json\/wp\/v2\/posts\/349629","targetHints":{"allow":["GET"]}}],"collection":[{"href":"https:\/\/www.notibras.com\/site\/wp-json\/wp\/v2\/posts"}],"about":[{"href":"https:\/\/www.notibras.com\/site\/wp-json\/wp\/v2\/types\/post"}],"author":[{"embeddable":true,"href":"https:\/\/www.notibras.com\/site\/wp-json\/wp\/v2\/users\/2"}],"replies":[{"embeddable":true,"href":"https:\/\/www.notibras.com\/site\/wp-json\/wp\/v2\/comments?post=349629"}],"version-history":[{"count":1,"href":"https:\/\/www.notibras.com\/site\/wp-json\/wp\/v2\/posts\/349629\/revisions"}],"predecessor-version":[{"id":349631,"href":"https:\/\/www.notibras.com\/site\/wp-json\/wp\/v2\/posts\/349629\/revisions\/349631"}],"wp:featuredmedia":[{"embeddable":true,"href":"https:\/\/www.notibras.com\/site\/wp-json\/wp\/v2\/media\/349630"}],"wp:attachment":[{"href":"https:\/\/www.notibras.com\/site\/wp-json\/wp\/v2\/media?parent=349629"}],"wp:term":[{"taxonomy":"category","embeddable":true,"href":"https:\/\/www.notibras.com\/site\/wp-json\/wp\/v2\/categories?post=349629"},{"taxonomy":"post_tag","embeddable":true,"href":"https:\/\/www.notibras.com\/site\/wp-json\/wp\/v2\/tags?post=349629"}],"curies":[{"name":"wp","href":"https:\/\/api.w.org\/{rel}","templated":true}]}}