{"id":349632,"date":"2025-03-08T00:18:47","date_gmt":"2025-03-08T03:18:47","guid":{"rendered":"https:\/\/www.notibras.com\/site\/?p=349632"},"modified":"2025-03-08T08:21:00","modified_gmt":"2025-03-08T11:21:00","slug":"veja-onde-serao-os-atos-das-mulheres-nas-capitais-do-nordeste","status":"publish","type":"post","link":"https:\/\/www.notibras.com\/site\/veja-onde-serao-os-atos-das-mulheres-nas-capitais-do-nordeste\/","title":{"rendered":"Veja onde ser\u00e3o os atos das mulheres nas capitais do Nordeste"},"content":{"rendered":"<p>Neste s\u00e1bado, 8 de mar\u00e7o, Dia Internacional de Luta das Mulheres, as nove capitais do Nordeste ter\u00e3o, novamente, atos pelos direitos das mulheres, como forma de chamar a aten\u00e7\u00e3o da sociedade sobre as diversas formas de viol\u00eancia contra as mulheres.<\/p>\n<p>Este ano, o tema central \u00e9 Pela vida de todas as mulheres, ainda estamos aqui; pela redu\u00e7\u00e3o da jornada de trabalho, sem redu\u00e7\u00e3o de sal\u00e1rios; e pela democracia &#8211; sem anistia para os golpistas.<\/p>\n<p>As mulheres tamb\u00e9m saem \u00e0s ruas para reivindicar o direito \u00e0 justi\u00e7a reprodutiva; combater o estupro de meninas e mulheres; contra o feminic\u00eddio e pela vida de todas as mulheres e pelo fim da explora\u00e7\u00e3o da mulher no trabalho dom\u00e9stico.<\/p>\n<p>O fim da escala 6&#215;1 tamb\u00e9m \u00e9 uma das reivindica\u00e7\u00f5es. A redu\u00e7\u00e3o da jornada de trabalho \u00e9 um tema caro \u00e0s mulheres, que j\u00e1 sofrem com uma dupla jornada de trabalho, que inclui as tarefas dom\u00e9sticas e de cuidado de pessoas, al\u00e9m do trabalho remunerado.<\/p>\n<p>Confira o local dos atos em cada capital:<\/p>\n<p><strong>Aracaju<\/strong><br \/>\nNa capital sergipana, o ato unificado tem o como mote principal Contra a fome e todas as viol\u00eancias! Pelo fim da escala 6&#215;1 e por justi\u00e7a reprodutiva! Pris\u00e3o para todos os golpistas!, e ter\u00e1 um tom de carnaval, com concentra\u00e7\u00e3o \u00e0s 8h na Pra\u00e7a Fausto Cardoso.<\/p>\n<p>Da pra\u00e7a, as mulheres caminhar\u00e3o pelas ruas do centro comercial de Aracaju, dando uma volta nos mercados com o bloco de carnaval Siri na lata, comandado por mulheres. A manifesta\u00e7\u00e3o ser\u00e1 finalizada tamb\u00e9m na Pra\u00e7a Fausto Cardoso.<\/p>\n<p><strong>Fortaleza<\/strong><br \/>\nNa capital cearense, a concentra\u00e7\u00e3o est\u00e1 marcada para as 8h, na Pra\u00e7a da Bandeira, na Rua General Sampaio, no centro. Com o lema Mulheres contra as guerras, o racismo e as viol\u00eancias: pela legaliza\u00e7\u00e3o do aborto, por democracia e sem anistia para golpistas, o ato ser\u00e1 uma grande passeata que circular\u00e1 pelas principais ruas do centro da capital, com destino \u00e0 Pra\u00e7a do Ferreira.<\/p>\n<p>\u201cO 8 de mar\u00e7o \u00e9 um dia de luta! Uma data hist\u00f3rica em que mulheres do mundo inteiro v\u00e3o \u00e0s ruas para reivindicar direitos, denunciar viol\u00eancias e reafirmar a resist\u00eancia por uma sociedade mais justa e igualit\u00e1ria. Lutamos por autonomia sobre nossos corpos, contra todas as formas de opress\u00e3o e pelo fortalecimento da democracia!, diz o texto de convoca\u00e7\u00e3o para o ato.<\/p>\n<p><strong>Jo\u00e3o Pessoa<\/strong><br \/>\nNa capital paraibana, o 8 de mar\u00e7o tamb\u00e9m vai ter a pegada de carnaval. Com o tema Ainda estamos aqui \u2013 vivas e festejando!, as mulheres v\u00e3o levar para as ruas de Jo\u00e3o Pessoa um Festejo Feminista de Carnaval de Rua.<\/p>\n<p>A concentra\u00e7\u00e3o ser\u00e1 na Pra\u00e7a Dom Adauto, no centro da cidade, a partir das 10h30.<\/p>\n<p>\u201c\u00c9 um chamado a todas as pessoas que entendem que \u00e9 preciso resistir e lutar contra todos os retrocessos e tentativas de viola\u00e7\u00f5es dos direitos das mulheres!\u201d, diz a nota da convoca\u00e7\u00e3o.<\/p>\n<p><strong>Macei\u00f3<\/strong><br \/>\nEm Macei\u00f3, os atos ter\u00e3o como palco a Avenida Am\u00e9lia Rosa, em frente ao Shopping Macei\u00f3, no bairro Jati\u00faca. A concentra\u00e7\u00e3o est\u00e1 marcada para as 9h, com caminhada prevista para as 9h30.<\/p>\n<p>Puxado pela Frente Feminista de Alagoas, formada por mais de 50 entidades que atuam em defesa dos direitos das mulheres, o ato tem como lema Ainda estamos aqui: Mulheres na luta por direitos, democracia, trabalho decente e pelo bem viver. Contra todo tipo de viol\u00eancia e abaixo o patriarcado.<\/p>\n<p><strong>Natal<\/strong><br \/>\nEm Natal, a data ser\u00e1 lembrada em um ato unificado com concentra\u00e7\u00e3o no Caju da Redinha, na zona norte da capital. A concentra\u00e7\u00e3o est\u00e1 marcada para as 9h seguida de caminhada at\u00e9 o Mercado da Redinha, com programa\u00e7\u00e3o cultural.<\/p>\n<p>As bandeiras principais ser\u00e3o pelo direito ao aborto legal e pelo fim da escala 6\u00d71 e das viol\u00eancias contra as mulheres.<\/p>\n<p><strong>Salvador<\/strong><br \/>\nEm Salvador, a tradicional Marcha das Mulheres tem a concentra\u00e7\u00e3o marcada para as 14h, no Cristo Redentor da Barra. De l\u00e1, sair\u00e1 uma caminhada em dire\u00e7\u00e3o ao Farol da Barra. Com o lema 8M Bahia: Vivas, livres e sem medo. Mulheres pelo fim do feminic\u00eddio, pelo direito a cidade e pelo bem viver!, as mulheres se unem para reivindicar o fim do feminic\u00eddio e da viol\u00eancia contra as mulheres; o direito \u00e0 cidade, com acesso igualit\u00e1rio a espa\u00e7os p\u00fablicos, transporte e servi\u00e7os; o bem viver, com direito \u00e0 sa\u00fade, educa\u00e7\u00e3o, trabalho decente, digno e renda.<\/p>\n<p>A marcha \u00e9 organizada por um coletivo de mulheres de diversas organiza\u00e7\u00f5es sociais, movimentos e entidades da sociedade civil.<\/p>\n<p><strong>S\u00e3o Lu\u00eds<\/strong><br \/>\nNa capital maranhense, a concentra\u00e7\u00e3o para o ato de 8 de mar\u00e7o ser\u00e1 na Pra\u00e7a Deodoro, no centro da capital, \u00e0s 8h. Sob o lema Mulheres contra os racismos e a extrema direita \u2013 repara\u00e7\u00e3o e bem viver, as mulheres sair\u00e3o em caminhada pela Rua Grande, principal via de com\u00e9rcio de S\u00e3o Lu\u00eds.<\/p>\n<p>A programa\u00e7\u00e3o ter\u00e1 momentos para falas, um brech\u00f3 e atra\u00e7\u00f5es culturais. O ato ser\u00e1 finalizado na Casa do Maranh\u00e3o, na Praia Grande.<\/p>\n<p><strong>Recife\/Olinda<\/strong><br \/>\nO 8 de mar\u00e7o ter\u00e1 como palco as ruas de Olinda, na regi\u00e3o metropolitana do Recife. A concentra\u00e7\u00e3o est\u00e1 marcada para as 15h no Largo do Varadouro, em Olinda. Este ano, o lema \u00e9 Pela vida de todas as mulheres, por direitos, enfrentando a extrema direita e o capital!<\/p>\n<p>O ato tamb\u00e9m tem como motiva\u00e7\u00e3o a luta pelo aborto legal, seguro, gratuito e justi\u00e7a reprodutiva; contra o feminic\u00eddio, transfeminic\u00eddio e lesboc\u00eddio, o fim da escala 6&#215;1 e o ajuste fiscal.<\/p>\n<p>As mulheres tamb\u00e9m se somam \u00e0 luta pela tarifa zero; soberania e seguran\u00e7a alimentar; moradia digna, saneamento b\u00e1sico e justi\u00e7a clim\u00e1tica; fim do racismo, viol\u00eancia policial, encarceramento em massa e por uma educa\u00e7\u00e3o laica, al\u00e9m de manifestarem solidariedade aos imigrantes do Congo e \u00e0 Palestina.<\/p>\n<p><strong>Teresina<\/strong><br \/>\nNa capital piauiense, o 8 de mar\u00e7o ter\u00e1 um ato unificado, com concentra\u00e7\u00e3o na Pra\u00e7a Rio Branco, no centro de Teresina, a partir das 8h.<\/p>\n<p>O lema \u00e9 Mulheres unidas no enfrentamento \u00e0s viol\u00eancias, contra a carestia, pela redu\u00e7\u00e3o da jornada de trabalho e pelo bem viver.<\/p>\n","protected":false},"excerpt":{"rendered":"<p>Neste s\u00e1bado, 8 de mar\u00e7o, Dia Internacional de Luta das Mulheres, as nove capitais do Nordeste ter\u00e3o, novamente, atos pelos direitos das mulheres, como forma de chamar a aten\u00e7\u00e3o da sociedade sobre as diversas formas de viol\u00eancia contra as mulheres. Este ano, o tema central \u00e9 Pela vida de todas as mulheres, ainda estamos aqui; [&hellip;]<\/p>\n","protected":false},"author":2,"featured_media":349633,"comment_status":"closed","ping_status":"closed","sticky":false,"template":"","format":"standard","meta":{"_acf_changed":false,"footnotes":""},"categories":[165],"tags":[],"class_list":["post-349632","post","type-post","status-publish","format-standard","has-post-thumbnail","hentry","category-nordeste"],"acf":[],"_links":{"self":[{"href":"https:\/\/www.notibras.com\/site\/wp-json\/wp\/v2\/posts\/349632","targetHints":{"allow":["GET"]}}],"collection":[{"href":"https:\/\/www.notibras.com\/site\/wp-json\/wp\/v2\/posts"}],"about":[{"href":"https:\/\/www.notibras.com\/site\/wp-json\/wp\/v2\/types\/post"}],"author":[{"embeddable":true,"href":"https:\/\/www.notibras.com\/site\/wp-json\/wp\/v2\/users\/2"}],"replies":[{"embeddable":true,"href":"https:\/\/www.notibras.com\/site\/wp-json\/wp\/v2\/comments?post=349632"}],"version-history":[{"count":1,"href":"https:\/\/www.notibras.com\/site\/wp-json\/wp\/v2\/posts\/349632\/revisions"}],"predecessor-version":[{"id":349634,"href":"https:\/\/www.notibras.com\/site\/wp-json\/wp\/v2\/posts\/349632\/revisions\/349634"}],"wp:featuredmedia":[{"embeddable":true,"href":"https:\/\/www.notibras.com\/site\/wp-json\/wp\/v2\/media\/349633"}],"wp:attachment":[{"href":"https:\/\/www.notibras.com\/site\/wp-json\/wp\/v2\/media?parent=349632"}],"wp:term":[{"taxonomy":"category","embeddable":true,"href":"https:\/\/www.notibras.com\/site\/wp-json\/wp\/v2\/categories?post=349632"},{"taxonomy":"post_tag","embeddable":true,"href":"https:\/\/www.notibras.com\/site\/wp-json\/wp\/v2\/tags?post=349632"}],"curies":[{"name":"wp","href":"https:\/\/api.w.org\/{rel}","templated":true}]}}