{"id":349635,"date":"2025-03-08T00:00:19","date_gmt":"2025-03-08T03:00:19","guid":{"rendered":"https:\/\/www.notibras.com\/site\/?p=349635"},"modified":"2025-03-08T08:26:36","modified_gmt":"2025-03-08T11:26:36","slug":"defesa-de-torres-diz-que-denuncia-do-golpe-e-obra-de-ficcao","status":"publish","type":"post","link":"https:\/\/www.notibras.com\/site\/defesa-de-torres-diz-que-denuncia-do-golpe-e-obra-de-ficcao\/","title":{"rendered":"Defesa de Torres diz que den\u00fancia do golpe \u00e9 \u201cobra de fic\u00e7\u00e3o\u201d"},"content":{"rendered":"<p>A defesa do ex-ministro da Justi\u00e7a Anderson Torres disse ao Supremo Tribunal Federal (STF) que a den\u00fancia sobre a trama golpista \u00e9 uma \u201cobra de fic\u00e7\u00e3o\u201d e uma medida \u201cirrespons\u00e1vel\u201d da Procuradoria-Geral da Rep\u00fablica (PGR).<\/p>\n<p>As declara\u00e7\u00f5es est\u00e3o na manifesta\u00e7\u00e3o dos advogados sobre a den\u00fancia. O documento foi protocolado na quinta (6), \u00e0s 22h15, \u00faltimo dia para a defesa dos denunciados se manifestarem sobre a acusa\u00e7\u00e3o da PGR.<\/p>\n<p>O ex-ministro foi acusado de omiss\u00e3o nos atos golpistas de 8 de janeiro, quando ocupava o cargo de secret\u00e1rio de Seguran\u00e7a P\u00fablica do Distrito Federal. No entanto, no dia da depreda\u00e7\u00e3o, ele estava de f\u00e9rias com a fam\u00edlia, nos Estados Unidos.<\/p>\n<p>No documento, os advogados de Anderson Torres negaram que ele tenha sido omisso e afirmaram que as passagens foram compradas antecipadamente.<\/p>\n<p>\u201cA secretaria nunca ficou ac\u00e9fala, tampouco sofreu preju\u00edzo com a viagem do seu ex-titular, que nada mais fez do que usufruir do direito constitucional ao descanso. Antes, j\u00e1 havia sido elaborado o plano de integra\u00e7\u00e3o das for\u00e7as locais, que, como dito, se tivessem cumprido \u00e0 risca o plano assinado, esses fatos jamais teriam acontecido\u201d, afirmou a defesa.<\/p>\n<p>Sobre o documento chamado de \u201cminuta do golpe\u201d, apreendido pela Pol\u00edcia Federal (PF) na casa de Torres, a defesa declarou que a minuta \u00e9 \u201cap\u00f3crifa e n\u00e3o \u201cpossui qualquer valor jur\u00eddico\u201d.<\/p>\n<p>\u201cA import\u00e2ncia dada pela acusa\u00e7\u00e3o \u00e0 minuta ap\u00f3crifa encontrada na casa de Anderson Torres salta aos olhos, j\u00e1 que o pr\u00f3prio Estado, at\u00e9 os dias de hoje, tolera que minuta de conte\u00fado absolutamente id\u00eantico continue circulando livremente em dom\u00ednio p\u00fablico\u201d, completou a defesa.<\/p>\n","protected":false},"excerpt":{"rendered":"<p>A defesa do ex-ministro da Justi\u00e7a Anderson Torres disse ao Supremo Tribunal Federal (STF) que a den\u00fancia sobre a trama golpista \u00e9 uma \u201cobra de fic\u00e7\u00e3o\u201d e uma medida \u201cirrespons\u00e1vel\u201d da Procuradoria-Geral da Rep\u00fablica (PGR). As declara\u00e7\u00f5es est\u00e3o na manifesta\u00e7\u00e3o dos advogados sobre a den\u00fancia. O documento foi protocolado na quinta (6), \u00e0s 22h15, \u00faltimo [&hellip;]<\/p>\n","protected":false},"author":2,"featured_media":349636,"comment_status":"closed","ping_status":"closed","sticky":false,"template":"","format":"standard","meta":{"_acf_changed":false,"footnotes":""},"categories":[161],"tags":[],"class_list":["post-349635","post","type-post","status-publish","format-standard","has-post-thumbnail","hentry","category-quadradinho-em-foco"],"acf":[],"_links":{"self":[{"href":"https:\/\/www.notibras.com\/site\/wp-json\/wp\/v2\/posts\/349635","targetHints":{"allow":["GET"]}}],"collection":[{"href":"https:\/\/www.notibras.com\/site\/wp-json\/wp\/v2\/posts"}],"about":[{"href":"https:\/\/www.notibras.com\/site\/wp-json\/wp\/v2\/types\/post"}],"author":[{"embeddable":true,"href":"https:\/\/www.notibras.com\/site\/wp-json\/wp\/v2\/users\/2"}],"replies":[{"embeddable":true,"href":"https:\/\/www.notibras.com\/site\/wp-json\/wp\/v2\/comments?post=349635"}],"version-history":[{"count":1,"href":"https:\/\/www.notibras.com\/site\/wp-json\/wp\/v2\/posts\/349635\/revisions"}],"predecessor-version":[{"id":349637,"href":"https:\/\/www.notibras.com\/site\/wp-json\/wp\/v2\/posts\/349635\/revisions\/349637"}],"wp:featuredmedia":[{"embeddable":true,"href":"https:\/\/www.notibras.com\/site\/wp-json\/wp\/v2\/media\/349636"}],"wp:attachment":[{"href":"https:\/\/www.notibras.com\/site\/wp-json\/wp\/v2\/media?parent=349635"}],"wp:term":[{"taxonomy":"category","embeddable":true,"href":"https:\/\/www.notibras.com\/site\/wp-json\/wp\/v2\/categories?post=349635"},{"taxonomy":"post_tag","embeddable":true,"href":"https:\/\/www.notibras.com\/site\/wp-json\/wp\/v2\/tags?post=349635"}],"curies":[{"name":"wp","href":"https:\/\/api.w.org\/{rel}","templated":true}]}}