{"id":349651,"date":"2025-03-09T06:31:29","date_gmt":"2025-03-09T09:31:29","guid":{"rendered":"https:\/\/www.notibras.com\/site\/?p=349651"},"modified":"2025-03-09T06:42:18","modified_gmt":"2025-03-09T09:42:18","slug":"meninas-maes-brotam-no-nordeste-por-inocencia-e-abuso-no-seio-da-familia","status":"publish","type":"post","link":"https:\/\/www.notibras.com\/site\/meninas-maes-brotam-no-nordeste-por-inocencia-e-abuso-no-seio-da-familia\/","title":{"rendered":"Meninas m\u00e3es brotam no Nordeste por inoc\u00eancia e abuso no seio da fam\u00edlia"},"content":{"rendered":"<p>O n\u00famero de m\u00e3es solteiras adolescentes cresce a cada dia no Nordeste. S\u00e3o jovens que, diante da responsabilidade inesperada da maternidade, acabam entregando seus filhos para ado\u00e7\u00e3o ou deixando-os sob os cuidados dos av\u00f3s e outros parentes. Essa realidade, t\u00e3o presente e ao mesmo tempo t\u00e3o invisibilizada, desenha um retrato de desafios e dilemas que v\u00e3o al\u00e9m da simples estat\u00edstica.<\/p>\n<p>Para assistentes sociais que lidam com essa situa\u00e7\u00e3o diariamente, as causas s\u00e3o claras: a imaturidade dessas meninas, muitas vezes ainda crian\u00e7as, o contexto socioecon\u00f4mico da regi\u00e3o, onde a precariedade torna ainda mais dif\u00edcil a jornada de quem precisa criar um filho sozinha, e, em muitos casos, o abuso sexual, inclusive dentro da pr\u00f3pria fam\u00edlia, que silencia e condena essas jovens a uma maternidade imposta. A falta de acesso a educa\u00e7\u00e3o de qualidade, \u00e0 informa\u00e7\u00e3o sobre planejamento familiar e a oportunidades para um futuro melhor agravam um ciclo que se perpetua por gera\u00e7\u00f5es.<\/p>\n<p>Entre os becos e vielas das cidades e vilarejos, as hist\u00f3rias se repetem. Meninas que sonhavam em estudar, trabalhar e construir uma vida diferente, agra vivem presas a uma realidade dura, onde a inf\u00e2ncia se mistura com a maternidade. Algumas encontram apoio em suas fam\u00edlias, que assumem a cria\u00e7\u00e3o do beb\u00ea; outras, sem essa rede de suporte, fazem a dolorosa escolha de entregar seus filhos para que tenham uma chance de um futuro melhor.<\/p>\n<p>O problema n\u00e3o tem solu\u00e7\u00e3o simples, mas poderia ser atenuado com pol\u00edticas p\u00fablicas eficientes. Programas de educa\u00e7\u00e3o sexual, apoio psicol\u00f3gico, incentivo \u00e0 escolariza\u00e7\u00e3o e assist\u00eancia social adequada seriam passos fundamentais para evitar que tantas meninas tenham a inf\u00e2ncia interrompida pela maternidade precoce. Mais do que n\u00fameros em relat\u00f3rios, s\u00e3o vidas que precisam de aten\u00e7\u00e3o, acolhimento e oportunidades.<\/p>\n<p>O quadro \u00e9 dram\u00e1tico. E mesmo com estat\u00edsticas desencontradas, o Nordeste aguarda as mudan\u00e7as que n\u00e3o v\u00eam. O nordestino, sem uma luz no fim do t\u00fanel, segue testemunhando essas hist\u00f3rias que se repetem, esperando que um dia o ciclo seja quebrado e que o futuro dessas jovens possa ser reescrito com mais esperan\u00e7a e possibilidades.<\/p>\n","protected":false},"excerpt":{"rendered":"<p>O n\u00famero de m\u00e3es solteiras adolescentes cresce a cada dia no Nordeste. S\u00e3o jovens que, diante da responsabilidade inesperada da maternidade, acabam entregando seus filhos para ado\u00e7\u00e3o ou deixando-os sob os cuidados dos av\u00f3s e outros parentes. Essa realidade, t\u00e3o presente e ao mesmo tempo t\u00e3o invisibilizada, desenha um retrato de desafios e dilemas que [&hellip;]<\/p>\n","protected":false},"author":2,"featured_media":349652,"comment_status":"closed","ping_status":"closed","sticky":false,"template":"","format":"standard","meta":{"_acf_changed":false,"footnotes":""},"categories":[165],"tags":[95],"class_list":["post-349651","post","type-post","status-publish","format-standard","has-post-thumbnail","hentry","category-nordeste","tag-capa"],"acf":[],"_links":{"self":[{"href":"https:\/\/www.notibras.com\/site\/wp-json\/wp\/v2\/posts\/349651","targetHints":{"allow":["GET"]}}],"collection":[{"href":"https:\/\/www.notibras.com\/site\/wp-json\/wp\/v2\/posts"}],"about":[{"href":"https:\/\/www.notibras.com\/site\/wp-json\/wp\/v2\/types\/post"}],"author":[{"embeddable":true,"href":"https:\/\/www.notibras.com\/site\/wp-json\/wp\/v2\/users\/2"}],"replies":[{"embeddable":true,"href":"https:\/\/www.notibras.com\/site\/wp-json\/wp\/v2\/comments?post=349651"}],"version-history":[{"count":7,"href":"https:\/\/www.notibras.com\/site\/wp-json\/wp\/v2\/posts\/349651\/revisions"}],"predecessor-version":[{"id":349654,"href":"https:\/\/www.notibras.com\/site\/wp-json\/wp\/v2\/posts\/349651\/revisions\/349654"}],"wp:featuredmedia":[{"embeddable":true,"href":"https:\/\/www.notibras.com\/site\/wp-json\/wp\/v2\/media\/349652"}],"wp:attachment":[{"href":"https:\/\/www.notibras.com\/site\/wp-json\/wp\/v2\/media?parent=349651"}],"wp:term":[{"taxonomy":"category","embeddable":true,"href":"https:\/\/www.notibras.com\/site\/wp-json\/wp\/v2\/categories?post=349651"},{"taxonomy":"post_tag","embeddable":true,"href":"https:\/\/www.notibras.com\/site\/wp-json\/wp\/v2\/tags?post=349651"}],"curies":[{"name":"wp","href":"https:\/\/api.w.org\/{rel}","templated":true}]}}