{"id":349665,"date":"2025-03-09T00:08:27","date_gmt":"2025-03-09T03:08:27","guid":{"rendered":"https:\/\/www.notibras.com\/site\/?p=349665"},"modified":"2025-03-09T07:11:00","modified_gmt":"2025-03-09T10:11:00","slug":"stf-torna-teus-deputados-do-pl-por-desvio-de-verbas-parlamentares","status":"publish","type":"post","link":"https:\/\/www.notibras.com\/site\/stf-torna-teus-deputados-do-pl-por-desvio-de-verbas-parlamentares\/","title":{"rendered":"STF torna t\u00e9us deputados do PL por desvio de verbas parlamentares"},"content":{"rendered":"<p>A Primeira Turma do Supremo Tribunal Federal (STF) decidiu, neste s\u00e1bado (8), aceitar a den\u00fancia contra tr\u00eas deputados do Partido Liberal (PL), acusados de envolvimento em um esquema de desvio de recursos de emendas parlamentares. Com essa decis\u00e3o, os parlamentares passam a ser r\u00e9us e responder\u00e3o pelos crimes de organiza\u00e7\u00e3o criminosa e corrup\u00e7\u00e3o passiva.<\/p>\n<p>Os deputados denunciados s\u00e3o Josimar Maranh\u00e3ozinho (PL-MA), Pastor Gil (PL-MA) e Bosco Costa (PL-SE), que atualmente ocupa a posi\u00e7\u00e3o de suplente na C\u00e2mara. O julgamento da den\u00fancia apresentada pela Procuradoria-Geral da Rep\u00fablica (PGR) contou com votos favor\u00e1veis dos ministros Cristiano Zanin (relator), Alexandre de Moraes, C\u00e1rmen L\u00facia, Fl\u00e1vio Dino e Luiz Fux.<\/p>\n<p>Com a aceita\u00e7\u00e3o da den\u00fancia, inicia-se a a\u00e7\u00e3o penal, fase em que ser\u00e3o colhidos depoimentos de testemunhas e realizados interrogat\u00f3rios dos r\u00e9us antes do julgamento definitivo pela Primeira Turma do STF.<\/p>\n<p><strong>Detalhes da Acusa\u00e7\u00e3o<\/strong><br \/>\nA PGR apontou que, em 2020, o grupo solicitou ao ent\u00e3o prefeito de S\u00e3o Jos\u00e9 de Ribamar (MA) o pagamento de propina no valor de R$ 1,66 milh\u00e3o. Em troca, os parlamentares direcionariam R$ 6,67 milh\u00f5es em emendas federais para o munic\u00edpio.<\/p>\n<p>Segundo a investiga\u00e7\u00e3o, Josimar Maranh\u00e3ozinho era o l\u00edder do esquema e controlava a destina\u00e7\u00e3o das emendas parlamentares, incluindo as de seus colegas. J\u00e1 o deputado Bosco Costa (PL-SE) teria utilizado a esposa e o filho para operacionalizar parte dos desvios, envolvendo agiotas, blogueiros e empres\u00e1rios.<\/p>\n<p>Ainda de acordo com as autoridades, o grupo exigia a devolu\u00e7\u00e3o de 25% dos valores das emendas destinadas \u00e0 sa\u00fade do munic\u00edpio, utilizando amea\u00e7as armadas para garantir os pagamentos.<\/p>\n<p>Agora, com a formaliza\u00e7\u00e3o da a\u00e7\u00e3o penal, os deputados passar\u00e3o por todas as etapas do processo judicial antes do veredicto final do STF.<\/p>\n","protected":false},"excerpt":{"rendered":"<p>A Primeira Turma do Supremo Tribunal Federal (STF) decidiu, neste s\u00e1bado (8), aceitar a den\u00fancia contra tr\u00eas deputados do Partido Liberal (PL), acusados de envolvimento em um esquema de desvio de recursos de emendas parlamentares. Com essa decis\u00e3o, os parlamentares passam a ser r\u00e9us e responder\u00e3o pelos crimes de organiza\u00e7\u00e3o criminosa e corrup\u00e7\u00e3o passiva. Os [&hellip;]<\/p>\n","protected":false},"author":2,"featured_media":133933,"comment_status":"closed","ping_status":"closed","sticky":false,"template":"","format":"standard","meta":{"_acf_changed":false,"footnotes":""},"categories":[165],"tags":[],"class_list":["post-349665","post","type-post","status-publish","format-standard","has-post-thumbnail","hentry","category-nordeste"],"acf":[],"_links":{"self":[{"href":"https:\/\/www.notibras.com\/site\/wp-json\/wp\/v2\/posts\/349665","targetHints":{"allow":["GET"]}}],"collection":[{"href":"https:\/\/www.notibras.com\/site\/wp-json\/wp\/v2\/posts"}],"about":[{"href":"https:\/\/www.notibras.com\/site\/wp-json\/wp\/v2\/types\/post"}],"author":[{"embeddable":true,"href":"https:\/\/www.notibras.com\/site\/wp-json\/wp\/v2\/users\/2"}],"replies":[{"embeddable":true,"href":"https:\/\/www.notibras.com\/site\/wp-json\/wp\/v2\/comments?post=349665"}],"version-history":[{"count":1,"href":"https:\/\/www.notibras.com\/site\/wp-json\/wp\/v2\/posts\/349665\/revisions"}],"predecessor-version":[{"id":349666,"href":"https:\/\/www.notibras.com\/site\/wp-json\/wp\/v2\/posts\/349665\/revisions\/349666"}],"wp:featuredmedia":[{"embeddable":true,"href":"https:\/\/www.notibras.com\/site\/wp-json\/wp\/v2\/media\/133933"}],"wp:attachment":[{"href":"https:\/\/www.notibras.com\/site\/wp-json\/wp\/v2\/media?parent=349665"}],"wp:term":[{"taxonomy":"category","embeddable":true,"href":"https:\/\/www.notibras.com\/site\/wp-json\/wp\/v2\/categories?post=349665"},{"taxonomy":"post_tag","embeddable":true,"href":"https:\/\/www.notibras.com\/site\/wp-json\/wp\/v2\/tags?post=349665"}],"curies":[{"name":"wp","href":"https:\/\/api.w.org\/{rel}","templated":true}]}}