{"id":349667,"date":"2025-03-09T00:14:03","date_gmt":"2025-03-09T03:14:03","guid":{"rendered":"https:\/\/www.notibras.com\/site\/?p=349667"},"modified":"2025-03-09T07:15:38","modified_gmt":"2025-03-09T10:15:38","slug":"pediatra-pedofilo-de-81-anos-preso-apos-fugir-da-justica-por-quatro-meses","status":"publish","type":"post","link":"https:\/\/www.notibras.com\/site\/pediatra-pedofilo-de-81-anos-preso-apos-fugir-da-justica-por-quatro-meses\/","title":{"rendered":"Pediatra ped\u00f3filo de 81 anos preso ap\u00f3s fugir da Justi\u00e7a por quatro meses"},"content":{"rendered":"<p>Pediatra e ped\u00f3filo, o m\u00e9dico paraibano Fernando Cunha Lima, de 81 anos, acusado de estupro de crian\u00e7as que eram suas pacientes, foi preso em Pernambuco na manh\u00e3 desta sexta-feira (7). Ele era procurado pela Justi\u00e7a desde 5 de novembro de 2024, quando a Pol\u00edcia tentou cumprir um mandado de pris\u00e3o preventiva, mas n\u00e3o o encontrou em casa.<\/p>\n<p>O m\u00e9dico estava foragido desde ent\u00e3o e, na quarta-feira (5), o Tribunal de Justi\u00e7a da Para\u00edba (TJPB) emitiu um novo pedido de pris\u00e3o preventiva contra ele.<\/p>\n<p>Levado para Jo\u00e3o Pessoa, o m\u00e9dico pediatra manifestou a certeza de que n\u00e3o continuaria preso. Durante entrevista na Central de Pol\u00edcia, ele debochou da sua pris\u00e3o: \u201cAgora, com a minha doen\u00e7a, eu n\u00e3o vou ficar preso\u201d, afirmou. Ao ser questionado por um rep\u00f3rter se tinha certeza do que afirmava, ele respondeu: \u201cTenho certeza. Eu vou ficar s\u00f3 dois dias e saio\u201d.<\/p>\n<p>O m\u00e9dico tamb\u00e9m afirmou que era inocente e disse que estava foragido porque n\u00e3o queria ser preso. Ele afirmou que estava em Pernambuco porque a filha morava l\u00e1 e que n\u00e3o se entregou antes porque os advogados n\u00e3o o orientaram a fazer isso. Ele tamb\u00e9m negou ter abusado das v\u00edtimas.<\/p>\n<p>A primeira den\u00fancia formal contra o m\u00e9dico aconteceu em 25 de julho de 2024 e partiu de uma m\u00e3e que estava no consult\u00f3rio e teria percebido que o m\u00e9dico havia tocado nas partes \u00edntimas da filha. Ap\u00f3s isso, ela retirou os dois filhos do local e foi at\u00e9 uma delegacia para registrar um Boletim de Ocorr\u00eancia.<\/p>\n<p>Depois desta den\u00fancia, outras v\u00edtimas recorreram \u00e0s autoridades para acusar o m\u00e9dico das mesmas pr\u00e1ticas. Um dos casos envolve uma sobrinha do profissional, que alega que foi violentada em 1991.<\/p>\n<p>As den\u00fancias, assim, indicam que os crimes aconteceriam h\u00e1 pelo menos 33 anos, j\u00e1 que o relato de uma das sobrinhas de Fernando Cunha Lima fala de um estupro que teria sido cometido em 1991.<\/p>\n<p>As investiga\u00e7\u00f5es da pol\u00edcia apontaram que o m\u00e9dico atendia a maioria das v\u00edtimas desde beb\u00eas e era considerado um profissional de confian\u00e7a pelas fam\u00edlias. Ele atendia os pacientes em uma cl\u00ednica particular no bairro de Tambauzinho, em Jo\u00e3o Pessoa.<\/p>\n<p>Fernando Cunha Lima foi denunciado, inicialmente, pelo Minist\u00e9rio P\u00fablico por quatro crimes cometidos contra tr\u00eas crian\u00e7as, mas novas den\u00fancias elevaram o n\u00famero de v\u00edtimas para seis. Hoje, ele responde a dois processos, sendo um com quatro v\u00edtimas e outro com duas v\u00edtimas.<\/p>\n<p>Desde o in\u00edcio das investiga\u00e7\u00f5es, a pol\u00edcia e o Minist\u00e9rio P\u00fablico da Para\u00edba pediram a pris\u00e3o do m\u00e9dico, mas tiveram todas as solicita\u00e7\u00f5es negadas. Somente em novembro do ano passado, os desembargadores da C\u00e2mara Criminal do Tribunal de Justi\u00e7a da Para\u00edba decidiram acolher o recurso do MP de forma un\u00e2nime e determinaram a pris\u00e3o do profissional.<\/p>\n<p>A defesa do m\u00e9dico pretende dar entrada em um habeas corpus. Al\u00e9m disso, os advogados pretendem transferir a pris\u00e3o de Fernando Cunha para a Para\u00edba.<\/p>\n<p>O Conselho Regional de Medicina (CRM-PB) informou que abriu uma sindic\u00e2ncia para apurar o caso. A Sociedade Paraibana de Pediatria disse que acompanha a apura\u00e7\u00e3o dos fatos pela pol\u00edcia e pelo CRM.<\/p>\n","protected":false},"excerpt":{"rendered":"<p>Pediatra e ped\u00f3filo, o m\u00e9dico paraibano Fernando Cunha Lima, de 81 anos, acusado de estupro de crian\u00e7as que eram suas pacientes, foi preso em Pernambuco na manh\u00e3 desta sexta-feira (7). Ele era procurado pela Justi\u00e7a desde 5 de novembro de 2024, quando a Pol\u00edcia tentou cumprir um mandado de pris\u00e3o preventiva, mas n\u00e3o o encontrou [&hellip;]<\/p>\n","protected":false},"author":2,"featured_media":349668,"comment_status":"closed","ping_status":"closed","sticky":false,"template":"","format":"standard","meta":{"_acf_changed":false,"footnotes":""},"categories":[165],"tags":[],"class_list":["post-349667","post","type-post","status-publish","format-standard","has-post-thumbnail","hentry","category-nordeste"],"acf":[],"_links":{"self":[{"href":"https:\/\/www.notibras.com\/site\/wp-json\/wp\/v2\/posts\/349667","targetHints":{"allow":["GET"]}}],"collection":[{"href":"https:\/\/www.notibras.com\/site\/wp-json\/wp\/v2\/posts"}],"about":[{"href":"https:\/\/www.notibras.com\/site\/wp-json\/wp\/v2\/types\/post"}],"author":[{"embeddable":true,"href":"https:\/\/www.notibras.com\/site\/wp-json\/wp\/v2\/users\/2"}],"replies":[{"embeddable":true,"href":"https:\/\/www.notibras.com\/site\/wp-json\/wp\/v2\/comments?post=349667"}],"version-history":[{"count":1,"href":"https:\/\/www.notibras.com\/site\/wp-json\/wp\/v2\/posts\/349667\/revisions"}],"predecessor-version":[{"id":349669,"href":"https:\/\/www.notibras.com\/site\/wp-json\/wp\/v2\/posts\/349667\/revisions\/349669"}],"wp:featuredmedia":[{"embeddable":true,"href":"https:\/\/www.notibras.com\/site\/wp-json\/wp\/v2\/media\/349668"}],"wp:attachment":[{"href":"https:\/\/www.notibras.com\/site\/wp-json\/wp\/v2\/media?parent=349667"}],"wp:term":[{"taxonomy":"category","embeddable":true,"href":"https:\/\/www.notibras.com\/site\/wp-json\/wp\/v2\/categories?post=349667"},{"taxonomy":"post_tag","embeddable":true,"href":"https:\/\/www.notibras.com\/site\/wp-json\/wp\/v2\/tags?post=349667"}],"curies":[{"name":"wp","href":"https:\/\/api.w.org\/{rel}","templated":true}]}}