{"id":349673,"date":"2025-03-09T06:27:39","date_gmt":"2025-03-09T09:27:39","guid":{"rendered":"https:\/\/www.notibras.com\/site\/?p=349673"},"modified":"2025-03-09T07:59:11","modified_gmt":"2025-03-09T10:59:11","slug":"carnaval-so-acaba-depois-que-a-festa-termina","status":"publish","type":"post","link":"https:\/\/www.notibras.com\/site\/carnaval-so-acaba-depois-que-a-festa-termina\/","title":{"rendered":"&#8216;Carnaval s\u00f3 acaba depois que a festa termina&#8217;"},"content":{"rendered":"<p>O Carnaval de 2025 em Pernambuco foi marcado por uma celebra\u00e7\u00e3o prolongada e vibrante. As festividades oficiais ocorreram entre 27 de fevereiro e 5 de mar\u00e7o, atraindo milh\u00f5es de foli\u00f5es \u00e0s ruas de Olinda e Recife. Mesmo ap\u00f3s a Quarta-Feira de Cinzas, a anima\u00e7\u00e3o continuou com uma programa\u00e7\u00e3o especial neste fim de semana, encerrando oficialmente o Carnaval no domingo, 9.<\/p>\n<p>Em Olinda, a Pra\u00e7a do Carmo foi o epicentro das celebra\u00e7\u00f5es, sediando o palco &#8220;Pernambuco Meu Pa\u00eds&#8221; que recebeu artistas renomados como Lenine, Alceu Valen\u00e7a, Elba Ramalho e Geraldo Azevedo durante os dias oficiais de festa.<\/p>\n<p>A cidade manteve sua tradi\u00e7\u00e3o de blocos de rua e manifesta\u00e7\u00f5es culturais, garantindo que a folia se estendesse al\u00e9m do per\u00edodo convencional.<\/p>\n<p>Recife tamb\u00e9m n\u00e3o ficou para tr\u00e1s. No domingo, o bairro de Vasco da Gama ser\u00e1 palco do bloco &#8220;Todos S\u00e3o Maestros&#8221;, que desfila \u00e0s 16h na Bomba do Hemet\u00e9rio, mantendo a energia carnavalesca viva na capital pernambucana.<\/p>\n<p>A decis\u00e3o de estender as festividades at\u00e9 o segundo domingo ap\u00f3s a Quarta-Feira de Cinzas refor\u00e7ou a import\u00e2ncia cultural do Carnaval para a regi\u00e3o, permitindo que moradores e turistas aproveitassem ao m\u00e1ximo as tradi\u00e7\u00f5es e a alegria que caracterizam Pernambuco.<\/p>\n","protected":false},"excerpt":{"rendered":"<p>O Carnaval de 2025 em Pernambuco foi marcado por uma celebra\u00e7\u00e3o prolongada e vibrante. As festividades oficiais ocorreram entre 27 de fevereiro e 5 de mar\u00e7o, atraindo milh\u00f5es de foli\u00f5es \u00e0s ruas de Olinda e Recife. Mesmo ap\u00f3s a Quarta-Feira de Cinzas, a anima\u00e7\u00e3o continuou com uma programa\u00e7\u00e3o especial neste fim de semana, encerrando oficialmente [&hellip;]<\/p>\n","protected":false},"author":2,"featured_media":349674,"comment_status":"closed","ping_status":"closed","sticky":false,"template":"","format":"standard","meta":{"_acf_changed":false,"footnotes":""},"categories":[165],"tags":[],"class_list":["post-349673","post","type-post","status-publish","format-standard","has-post-thumbnail","hentry","category-nordeste"],"acf":[],"_links":{"self":[{"href":"https:\/\/www.notibras.com\/site\/wp-json\/wp\/v2\/posts\/349673","targetHints":{"allow":["GET"]}}],"collection":[{"href":"https:\/\/www.notibras.com\/site\/wp-json\/wp\/v2\/posts"}],"about":[{"href":"https:\/\/www.notibras.com\/site\/wp-json\/wp\/v2\/types\/post"}],"author":[{"embeddable":true,"href":"https:\/\/www.notibras.com\/site\/wp-json\/wp\/v2\/users\/2"}],"replies":[{"embeddable":true,"href":"https:\/\/www.notibras.com\/site\/wp-json\/wp\/v2\/comments?post=349673"}],"version-history":[{"count":3,"href":"https:\/\/www.notibras.com\/site\/wp-json\/wp\/v2\/posts\/349673\/revisions"}],"predecessor-version":[{"id":349677,"href":"https:\/\/www.notibras.com\/site\/wp-json\/wp\/v2\/posts\/349673\/revisions\/349677"}],"wp:featuredmedia":[{"embeddable":true,"href":"https:\/\/www.notibras.com\/site\/wp-json\/wp\/v2\/media\/349674"}],"wp:attachment":[{"href":"https:\/\/www.notibras.com\/site\/wp-json\/wp\/v2\/media?parent=349673"}],"wp:term":[{"taxonomy":"category","embeddable":true,"href":"https:\/\/www.notibras.com\/site\/wp-json\/wp\/v2\/categories?post=349673"},{"taxonomy":"post_tag","embeddable":true,"href":"https:\/\/www.notibras.com\/site\/wp-json\/wp\/v2\/tags?post=349673"}],"curies":[{"name":"wp","href":"https:\/\/api.w.org\/{rel}","templated":true}]}}