{"id":349694,"date":"2025-03-09T08:15:49","date_gmt":"2025-03-09T11:15:49","guid":{"rendered":"https:\/\/www.notibras.com\/site\/?p=349694"},"modified":"2025-03-10T04:55:12","modified_gmt":"2025-03-10T07:55:12","slug":"brasilia-ambiental-discute-criacao-do-parque-pira-brasilia","status":"publish","type":"post","link":"https:\/\/www.notibras.com\/site\/brasilia-ambiental-discute-criacao-do-parque-pira-brasilia\/","title":{"rendered":"Bras\u00edlia Ambiental discute cria\u00e7\u00e3o do Parque Pir\u00e1-Bras\u00edlia"},"content":{"rendered":"<p>O Instituto Bras\u00edlia Ambiental convida a popula\u00e7\u00e3o para participar da consulta p\u00fablica que vai apresentar e discutir o estudo t\u00e9cnico sobre a unifica\u00e7\u00e3o da \u00c1rea de Relevante Interesse Ecol\u00f3gico (Arie) do Santu\u00e1rio da Vida Silvestre do Riacho Fundo com o Parque Ecol\u00f3gico dos Pioneiros, resultando na cria\u00e7\u00e3o do Parque Distrital Pir\u00e1-Bras\u00edlia.<\/p>\n<p>O evento ser\u00e1 realizado no dia 12 de mar\u00e7o, das 19h \u00e0s 22h, no sal\u00e3o comunit\u00e1rio da Candangol\u00e2ndia, localizado na QR 2, daquela regi\u00e3o administrativa. Para que o p\u00fablico possa participar com sugest\u00f5es durante a consulta, o conte\u00fado t\u00e9cnico e a poligonal proposta j\u00e1 est\u00e3o dispon\u00edveis no site do Bras\u00edlia Ambiental.<\/p>\n<p>A superintendente de Unidades de Conserva\u00e7\u00e3o, Biodiversidade e \u00c1gua, Marcela Versiani, destaca que a consulta p\u00fablica \u00e9 essencial para garantir transpar\u00eancia e participa\u00e7\u00e3o social no processo. \u201cEsse procedimento assegura que a decis\u00e3o seja fundamentada em informa\u00e7\u00f5es acess\u00edveis e constru\u00edda de forma participativa, evitando conflitos futuros e garantindo a legitimidade da nova unidade\u201d, explica.<\/p>\n<p>Ap\u00f3s estudos realizados pelo corpo t\u00e9cnico do Bras\u00edlia Ambiental para a revis\u00e3o do plano de manejo da Arie Riacho Fundo, foi identificado que a regi\u00e3o possui indicadores ecol\u00f3gicos compat\u00edveis com outra categoria de unidade de conserva\u00e7\u00e3o.<\/p>\n<p>Atualmente, a Arie Riacho Fundo \u00e9 classificada como uma \u00e1rea de uso sustent\u00e1vel, permitindo atividades como educa\u00e7\u00e3o ambiental e visita\u00e7\u00e3o. A proposta de recategoriza\u00e7\u00e3o para Parque Distrital tem o objetivo de fortalecer a conserva\u00e7\u00e3o da \u00e1rea e incentivar seu uso de acordo com as diretrizes da nova classifica\u00e7\u00e3o.<\/p>\n<p>O presidente do Bras\u00edlia Ambiental, R\u00f4ney Nemer, refor\u00e7a a import\u00e2ncia da participa\u00e7\u00e3o popular nesse processo. \u201cA cria\u00e7\u00e3o do Parque Distrital Pir\u00e1-Bras\u00edlia representa um avan\u00e7o para a preserva\u00e7\u00e3o ambiental no Distrito Federal. A consulta p\u00fablica permite que a sociedade contribua ativamente na defini\u00e7\u00e3o dos limites e na constru\u00e7\u00e3o de uma unidade que atenda tanto \u00e0 necessidade de conserva\u00e7\u00e3o quanto ao uso p\u00fablico poss\u00edvel do espa\u00e7o\u201d, destaca.<\/p>\n<p>A vice-governadora Celina Le\u00e3o, enfatiza o compromisso do GDF com a preserva\u00e7\u00e3o ambiental e o di\u00e1logo com a popula\u00e7\u00e3o. \u201cA consulta p\u00fablica \u00e9 um momento fundamental para garantir que as pol\u00edticas ambientais sejam constru\u00eddas de forma participativa e, quando criadas, estejam alinhadas \u00e0s expectativas e \u00e0 realidade da popula\u00e7\u00e3o local\u201d, afirma.<\/p>\n<p>O nome Pir\u00e1-Bras\u00edlia foi escolhido em refer\u00eancia a uma esp\u00e9cie de peixe nativa e exclusiva do Distrito Federal, encontrada no interior da \u00e1rea protegida, sendo considerada assim end\u00eamica do DF. A denomina\u00e7\u00e3o refor\u00e7a a import\u00e2ncia da unidade na preserva\u00e7\u00e3o da biodiversidade local.<\/p>\n<p><strong>Servi\u00e7o<\/strong><br \/>\nConsulta P\u00fablica \u2013 Cria\u00e7\u00e3o do Parque Distrital Pir\u00e1-Bras\u00edlia<br \/>\nData: 12 de mar\u00e7o de 2025<br \/>\nHor\u00e1rio: 19h \u00e0s 22h<br \/>\nLocal: Sal\u00e3o Comunit\u00e1rio da Candangol\u00e2ndia (QR 2)<\/p>\n","protected":false},"excerpt":{"rendered":"<p>O Instituto Bras\u00edlia Ambiental convida a popula\u00e7\u00e3o para participar da consulta p\u00fablica que vai apresentar e discutir o estudo t\u00e9cnico sobre a unifica\u00e7\u00e3o da \u00c1rea de Relevante Interesse Ecol\u00f3gico (Arie) do Santu\u00e1rio da Vida Silvestre do Riacho Fundo com o Parque Ecol\u00f3gico dos Pioneiros, resultando na cria\u00e7\u00e3o do Parque Distrital Pir\u00e1-Bras\u00edlia. O evento ser\u00e1 realizado [&hellip;]<\/p>\n","protected":false},"author":2,"featured_media":349695,"comment_status":"closed","ping_status":"closed","sticky":false,"template":"","format":"standard","meta":{"_acf_changed":false,"footnotes":""},"categories":[161],"tags":[],"class_list":["post-349694","post","type-post","status-publish","format-standard","has-post-thumbnail","hentry","category-quadradinho-em-foco"],"acf":[],"_links":{"self":[{"href":"https:\/\/www.notibras.com\/site\/wp-json\/wp\/v2\/posts\/349694","targetHints":{"allow":["GET"]}}],"collection":[{"href":"https:\/\/www.notibras.com\/site\/wp-json\/wp\/v2\/posts"}],"about":[{"href":"https:\/\/www.notibras.com\/site\/wp-json\/wp\/v2\/types\/post"}],"author":[{"embeddable":true,"href":"https:\/\/www.notibras.com\/site\/wp-json\/wp\/v2\/users\/2"}],"replies":[{"embeddable":true,"href":"https:\/\/www.notibras.com\/site\/wp-json\/wp\/v2\/comments?post=349694"}],"version-history":[{"count":1,"href":"https:\/\/www.notibras.com\/site\/wp-json\/wp\/v2\/posts\/349694\/revisions"}],"predecessor-version":[{"id":349696,"href":"https:\/\/www.notibras.com\/site\/wp-json\/wp\/v2\/posts\/349694\/revisions\/349696"}],"wp:featuredmedia":[{"embeddable":true,"href":"https:\/\/www.notibras.com\/site\/wp-json\/wp\/v2\/media\/349695"}],"wp:attachment":[{"href":"https:\/\/www.notibras.com\/site\/wp-json\/wp\/v2\/media?parent=349694"}],"wp:term":[{"taxonomy":"category","embeddable":true,"href":"https:\/\/www.notibras.com\/site\/wp-json\/wp\/v2\/categories?post=349694"},{"taxonomy":"post_tag","embeddable":true,"href":"https:\/\/www.notibras.com\/site\/wp-json\/wp\/v2\/tags?post=349694"}],"curies":[{"name":"wp","href":"https:\/\/api.w.org\/{rel}","templated":true}]}}