{"id":349697,"date":"2025-03-09T00:00:40","date_gmt":"2025-03-09T03:00:40","guid":{"rendered":"https:\/\/www.notibras.com\/site\/?p=349697"},"modified":"2025-03-09T08:49:01","modified_gmt":"2025-03-09T11:49:01","slug":"o-paranoa-estara-pra-peixe-e-pescador-logo-saberemos","status":"publish","type":"post","link":"https:\/\/www.notibras.com\/site\/o-paranoa-estara-pra-peixe-e-pescador-logo-saberemos\/","title":{"rendered":"O Parano\u00e1 estar\u00e1 pra peixe e pescador? Logo saberemos&#8230;"},"content":{"rendered":"<p>O setor de Fauna do Instituto Bras\u00edlia Ambiental e a Subsecretaria de Pesca da Secretaria do Meio Ambiente (Sema-DF) participaram de uma reuni\u00e3o com o pesquisador Fernando Starling para discutir a hist\u00f3ria ambiental do Lago Parano\u00e1 e levantar informa\u00e7\u00f5es que subsidiem a defini\u00e7\u00e3o de regras para a atividade pesqueira na regi\u00e3o.<\/p>\n<p>Starling, que conduziu estudos aprofundados sobre a qualidade da \u00e1gua, os estoques pesqueiros e a composi\u00e7\u00e3o da ictiofauna do lago ao longo das d\u00e9cadas de 1990 e 2000, compartilhou sua experi\u00eancia e destacou as transforma\u00e7\u00f5es ocorridas no ecossistema aqu\u00e1tico local.<\/p>\n<p>\u201cA participa\u00e7\u00e3o de pesquisadores e especialistas traz subs\u00eddios essenciais para que possamos garantir um equil\u00edbrio entre a conserva\u00e7\u00e3o ambiental e o uso respons\u00e1vel dos recursos naturais do Lago Parano\u00e1\u201d, afirmou o presidente do Bras\u00edlia Ambiental, R\u00f4ney Nemer.<\/p>\n<p>O encontro teve como um dos objetivos embasar a constru\u00e7\u00e3o de normas voltadas \u00e0 pesca no Lago Parano\u00e1. Para isso, foi formado um grupo de trabalho interinstitucional que, composto por diversas secretarias, conduzir\u00e1 estudos t\u00e9cnicos e dialogar\u00e1 com pesquisadores, pescadores e demais usu\u00e1rios do lago.<\/p>\n<p>Essa etapa inicial busca reunir informa\u00e7\u00f5es qualificadas para estruturar uma regulamenta\u00e7\u00e3o que leve em conta tanto os aspectos ecol\u00f3gicos quanto os interesses dos diferentes atores envolvidos na atividade.<\/p>\n<p><strong>Sustentabilidade<\/strong><br \/>\n\u201cO Lago Parano\u00e1 \u00e9 um patrim\u00f4nio ambiental e social do Distrito Federal\u201d, refor\u00e7ou a vice-governadora Celina Le\u00e3o. \u201cGarantir uma regulamenta\u00e7\u00e3o que alie preserva\u00e7\u00e3o e desenvolvimento sustent\u00e1vel \u00e9 fundamental para que possamos manter esse ecossistema equilibrado, assegurando benef\u00edcios tanto para a biodiversidade quanto para a popula\u00e7\u00e3o que utiliza o lago para diversas atividades.\u201d<\/p>\n<p>A reuni\u00e3o marcou apenas o in\u00edcio das discuss\u00f5es sobre o tema. Nos pr\u00f3ximos meses, est\u00e3o previstas novas rodadas de debate, com a amplia\u00e7\u00e3o da participa\u00e7\u00e3o de institui\u00e7\u00f5es p\u00fablicas, privadas e representantes da sociedade civil.<\/p>\n<p>A organiza\u00e7\u00e3o e a coordena\u00e7\u00e3o desse processo ficar\u00e3o a cargo da Subsecretaria de Pesca, que buscar\u00e1 garantir amplo di\u00e1logo entre os envolvidos na constru\u00e7\u00e3o de diretrizes para a pesca no Lago Parano\u00e1.<\/p>\n","protected":false},"excerpt":{"rendered":"<p>O setor de Fauna do Instituto Bras\u00edlia Ambiental e a Subsecretaria de Pesca da Secretaria do Meio Ambiente (Sema-DF) participaram de uma reuni\u00e3o com o pesquisador Fernando Starling para discutir a hist\u00f3ria ambiental do Lago Parano\u00e1 e levantar informa\u00e7\u00f5es que subsidiem a defini\u00e7\u00e3o de regras para a atividade pesqueira na regi\u00e3o. Starling, que conduziu estudos [&hellip;]<\/p>\n","protected":false},"author":2,"featured_media":234648,"comment_status":"closed","ping_status":"closed","sticky":false,"template":"","format":"standard","meta":{"_acf_changed":false,"footnotes":""},"categories":[161],"tags":[],"class_list":["post-349697","post","type-post","status-publish","format-standard","has-post-thumbnail","hentry","category-quadradinho-em-foco"],"acf":[],"_links":{"self":[{"href":"https:\/\/www.notibras.com\/site\/wp-json\/wp\/v2\/posts\/349697","targetHints":{"allow":["GET"]}}],"collection":[{"href":"https:\/\/www.notibras.com\/site\/wp-json\/wp\/v2\/posts"}],"about":[{"href":"https:\/\/www.notibras.com\/site\/wp-json\/wp\/v2\/types\/post"}],"author":[{"embeddable":true,"href":"https:\/\/www.notibras.com\/site\/wp-json\/wp\/v2\/users\/2"}],"replies":[{"embeddable":true,"href":"https:\/\/www.notibras.com\/site\/wp-json\/wp\/v2\/comments?post=349697"}],"version-history":[{"count":1,"href":"https:\/\/www.notibras.com\/site\/wp-json\/wp\/v2\/posts\/349697\/revisions"}],"predecessor-version":[{"id":349698,"href":"https:\/\/www.notibras.com\/site\/wp-json\/wp\/v2\/posts\/349697\/revisions\/349698"}],"wp:featuredmedia":[{"embeddable":true,"href":"https:\/\/www.notibras.com\/site\/wp-json\/wp\/v2\/media\/234648"}],"wp:attachment":[{"href":"https:\/\/www.notibras.com\/site\/wp-json\/wp\/v2\/media?parent=349697"}],"wp:term":[{"taxonomy":"category","embeddable":true,"href":"https:\/\/www.notibras.com\/site\/wp-json\/wp\/v2\/categories?post=349697"},{"taxonomy":"post_tag","embeddable":true,"href":"https:\/\/www.notibras.com\/site\/wp-json\/wp\/v2\/tags?post=349697"}],"curies":[{"name":"wp","href":"https:\/\/api.w.org\/{rel}","templated":true}]}}