{"id":349769,"date":"2025-03-10T03:33:15","date_gmt":"2025-03-10T06:33:15","guid":{"rendered":"https:\/\/www.notibras.com\/site\/?p=349769"},"modified":"2025-03-10T03:46:08","modified_gmt":"2025-03-10T06:46:08","slug":"especialistas-recomendam-etiqueta-respiratoria-para-o-periodo-pos-carnaval","status":"publish","type":"post","link":"https:\/\/www.notibras.com\/site\/especialistas-recomendam-etiqueta-respiratoria-para-o-periodo-pos-carnaval\/","title":{"rendered":"Especialistas recomendam &#8220;etiqueta respirat\u00f3ria&#8221; para o per\u00edodo p\u00f3s-carnaval"},"content":{"rendered":"<p>Quem estiver com sintomas como tosse, coriza e dor de garganta deve manter isolamento social, recomendam profissionais de sa\u00fade. Se for indispens\u00e1vel sair de casa, a m\u00e1scara deve ser uma fiel companheira. As regras de &#8220;etiqueta respirat\u00f3ria&#8221; valem para todos os momentos, mas \u00e9 refor\u00e7ada nesse per\u00edodo de p\u00f3s-carnaval, j\u00e1 que a aglomera\u00e7\u00e3o da folia favorece a transmiss\u00e3o dos v\u00edrus respirat\u00f3rios.<\/p>\n<p>O infectologista Rodrigo Lins explica: &#8220;no mundo das doen\u00e7as infecciosas, quanto mais voc\u00ea se exp\u00f5e a outras pessoas, maior o risco de encontrar com alguma que esteja transmitindo algum pat\u00f3geno. E muitas vezes, uma pessoa est\u00e1 doente e nem sabe, e encontra com outras que acabam ficando doentes&#8221;.<\/p>\n<p>Por isso, tamb\u00e9m \u00e9 interessante que os foli\u00f5es esperem alguns dias antes de encontrar pessoas que t\u00eam maior risco de desenvolver formas graves de infec\u00e7\u00e3o, ou tomem precau\u00e7\u00f5es extras, mesmo quando estiverem sem sintomas.<\/p>\n<p>&#8220;Nesta \u00e9poca tamb\u00e9m \u00e9 importante evitar visitar crian\u00e7as pequenas sem uso de m\u00e1scara, j\u00e1 que esse grupo \u00e9 mais vulner\u00e1vel a v\u00e1rios tipos de v\u00edrus de transmiss\u00e3o respirat\u00f3ria. E, claro, \u00e9 fundamental que todos estejam em dia com a vacina\u00e7\u00e3o contra a covid-19, especialmente os grupos mais vulner\u00e1veis, que precisam tomar doses de refor\u00e7o periodicamente\u201d, refor\u00e7a a pesquisadora da Fiocruz Tatiana Portella. Entre os mais vulner\u00e1veis tamb\u00e9m se encontram os idosos &#8211; especialmente aqueles com idade mais avan\u00e7ada e que j\u00e1 t\u00eam alguma comorbidade &#8211; e as pessoas com problemas imunol\u00f3gicos.<\/p>\n<p>Apesar da pandemia ter terminado, a covid-19 ainda \u00e9 maior causa de \u00f3bito entre os pacientes com s\u00edndrome respirat\u00f3ria aguda grave de origem viral, mas v\u00edrus como VSR e Influenza tamb\u00e9m podem evoluir para quadros graves e at\u00e9 levar \u00e0 morte.<\/p>\n<p>O m\u00e9dico Fernando Balsalobre, membro da Associa\u00e7\u00e3o Brasileira de Otorrinolaringologia e Cirurgia Cervico-Facial diz que sintomas como tosse e dor de garganta s\u00e3o comuns nos per\u00edodos p\u00f3s-festa e geralmente indicam uma infec\u00e7\u00e3o viral com danos \u00e0s vias superiores, como nariz e garganta. &#8220;As aglomera\u00e7\u00f5es fazem com que os v\u00edrus circulem mais, contaminando mais pessoas&#8221;, complementa.<\/p>\n<p>O professor L\u00e9o Palma, que aproveitou as festas nas cidades do Recife e de Olinda sabe bem o que \u00e9 isso:<\/p>\n<p>&#8220;Na ter\u00e7a-feira de carnaval, eu nem fui. J\u00e1 ca\u00ed ali mesmo, nem consegui finalizar o carnaval. Come\u00e7ou com tosse, congest\u00e3o nasal. Mas pra vir embora pra Jo\u00e3o Pessoa ainda teve todo o caminho pilotando na moto, peguei um pouco mais de chuva nessa volta. A\u00ed no dia seguinte acordei com uma crise de sinusite mais pesadinha.&#8221;<\/p>\n<p>Casos virais leves normalmente melhoram ap\u00f3s alguns dias de refor\u00e7o na hidrata\u00e7\u00e3o e na alimenta\u00e7\u00e3o, e uso de analg\u00e9sicos para aliviar o desconforto, mas algumas pessoas podem evoluir para quadros mais graves. &#8220;O m\u00e9dico dever\u00e1 ser procurado em caso de sintomas como muita prostra\u00e7\u00e3o, falta de ar e febre persistente&#8221;, explica Balsalobre.<\/p>\n<p>Mas n\u00e3o s\u00e3o s\u00f3 os v\u00edrus respirat\u00f3rios que podem deixar lembran\u00e7as amargas do carnaval: &#8220;Cometer grandes excessos gastron\u00f4micos ou comer comidas de origem muito suspeita, tamb\u00e9m pode causar alguns problemas de sa\u00fade, alguns quadros diarreicos, algumas gastroenterites virais ou bacterianas&#8221;, alerta o infectologista Rodrigo Lins.<\/p>\n<p>Esses casos tamb\u00e9m exigem refor\u00e7o na hidrata\u00e7\u00e3o e no consumo de alimentos leves e saud\u00e1veis, mas o paciente deve procurar uma unidade de sa\u00fade se os sintomas &#8211; como v\u00f4mito e diarreia &#8211; forem muitos fortes ou persistentes.<\/p>\n<p>Para o pr\u00f3ximo carnaval, os m\u00e9dicos dizem que alguns h\u00e1bitos podem diminuir as chances de contamina\u00e7\u00e3o, ou deixar o organismo mais forte para enfrentar o &#8220;visitante&#8221; indesejado. As dicas s\u00e3o:<\/p>\n<p><strong>Evitar compartilhar alimentos e bebidas<\/strong><br \/>\n<strong>Hidratar-se bastante<\/strong><br \/>\n<strong>Manter uma alimenta\u00e7\u00e3o saud\u00e1vel e leve<\/strong><\/p>\n<p>L\u00e9o Palma confessa que s\u00f3 cumpriu o mandamento de beber bastante \u00e1gua: &#8220;Acho que o piorzinho foi a quest\u00e3o da alimenta\u00e7\u00e3o. Realmente ficou em segundo plano. Prato de comida mesmo, acho que eu s\u00f3 comi na segunda-feira, nem lembro direito&#8221;<\/p>\n<p>Em compara\u00e7\u00e3o, seu amigo S\u00e9rgio Rodrigo Ferreira com quem Le\u00f3 curtiu o carnaval, deu mais aten\u00e7\u00e3o ao pr\u00f3prio organismo: &#8220;A gente sa\u00eda dia e noite. Muita gente, muita lota\u00e7\u00e3o, muito beijo na boca. E sol e chuva no lombo. Mas eu tentei fazer uma redu\u00e7\u00e3o de danos, usei at\u00e9 aqueles sach\u00eas de hidrata\u00e7\u00e3o nos blocos&#8221; conta o professor, que se diz at\u00e9 surpreso por n\u00e3o ter adoecido depois de tanta festa.<\/p>\n<p>Como em algumas cidades ainda h\u00e1 eventos de p\u00f3s-carnaval programados, o infectologista Rodrigo Lins tamb\u00e9m refor\u00e7a que os foli\u00f5es com sintomas s\u00f3 devem curtir o &#8220;bloco do sof\u00e1&#8221;: &#8220;&#8216;Ah, t\u00f4 com febre, t\u00f4 com sintomas respirat\u00f3rio, mas poxa, eu vou perder? Acho que eu vou para o bloco&#8217; N\u00e3o, n\u00e9? Vai passar para o bloco inteiro! Faz repouso, fica em casa que \u00e9 melhor.&#8221;<\/p>\n","protected":false},"excerpt":{"rendered":"<p>Quem estiver com sintomas como tosse, coriza e dor de garganta deve manter isolamento social, recomendam profissionais de sa\u00fade. Se for indispens\u00e1vel sair de casa, a m\u00e1scara deve ser uma fiel companheira. As regras de &#8220;etiqueta respirat\u00f3ria&#8221; valem para todos os momentos, mas \u00e9 refor\u00e7ada nesse per\u00edodo de p\u00f3s-carnaval, j\u00e1 que a aglomera\u00e7\u00e3o da folia [&hellip;]<\/p>\n","protected":false},"author":2,"featured_media":349770,"comment_status":"closed","ping_status":"closed","sticky":false,"template":"","format":"standard","meta":{"_acf_changed":false,"footnotes":""},"categories":[165],"tags":[],"class_list":["post-349769","post","type-post","status-publish","format-standard","has-post-thumbnail","hentry","category-nordeste"],"acf":[],"_links":{"self":[{"href":"https:\/\/www.notibras.com\/site\/wp-json\/wp\/v2\/posts\/349769","targetHints":{"allow":["GET"]}}],"collection":[{"href":"https:\/\/www.notibras.com\/site\/wp-json\/wp\/v2\/posts"}],"about":[{"href":"https:\/\/www.notibras.com\/site\/wp-json\/wp\/v2\/types\/post"}],"author":[{"embeddable":true,"href":"https:\/\/www.notibras.com\/site\/wp-json\/wp\/v2\/users\/2"}],"replies":[{"embeddable":true,"href":"https:\/\/www.notibras.com\/site\/wp-json\/wp\/v2\/comments?post=349769"}],"version-history":[{"count":4,"href":"https:\/\/www.notibras.com\/site\/wp-json\/wp\/v2\/posts\/349769\/revisions"}],"predecessor-version":[{"id":349777,"href":"https:\/\/www.notibras.com\/site\/wp-json\/wp\/v2\/posts\/349769\/revisions\/349777"}],"wp:featuredmedia":[{"embeddable":true,"href":"https:\/\/www.notibras.com\/site\/wp-json\/wp\/v2\/media\/349770"}],"wp:attachment":[{"href":"https:\/\/www.notibras.com\/site\/wp-json\/wp\/v2\/media?parent=349769"}],"wp:term":[{"taxonomy":"category","embeddable":true,"href":"https:\/\/www.notibras.com\/site\/wp-json\/wp\/v2\/categories?post=349769"},{"taxonomy":"post_tag","embeddable":true,"href":"https:\/\/www.notibras.com\/site\/wp-json\/wp\/v2\/tags?post=349769"}],"curies":[{"name":"wp","href":"https:\/\/api.w.org\/{rel}","templated":true}]}}