{"id":349778,"date":"2025-03-10T03:49:55","date_gmt":"2025-03-10T06:49:55","guid":{"rendered":"https:\/\/www.notibras.com\/site\/?p=349778"},"modified":"2025-03-10T03:54:54","modified_gmt":"2025-03-10T06:54:54","slug":"carestia-chega-ao-interior-do-nordeste-e-acaba-festa-da-comida-farta-na-mesa","status":"publish","type":"post","link":"https:\/\/www.notibras.com\/site\/carestia-chega-ao-interior-do-nordeste-e-acaba-festa-da-comida-farta-na-mesa\/","title":{"rendered":"Carestia chega ao interior do Nordeste e acaba festa da comida farta na mesa"},"content":{"rendered":"<p>Vindo do Agreste pernambucano, onde fui passar o Carnaval esticado com um feriad\u00e3o decretado pela governadora Raquel Lyra, dei uma parada, j\u00e1 a meio caminho do litoral, em Palmares, cidadezinha buc\u00f3lica encravada na zona da mata pernambucana. Ali as tardes ainda guardam um certo ar de nostalgia. O coreto da pra\u00e7a, meio descascado pelo tempo, servia de palco para a bandinha municipal, que, apesar dos instrumentos surrados, insistia em tocar cl\u00e1ssicos que ecoavam pelas ruelas pr\u00f3ximas.<\/p>\n<p>Na tarde abafada do domingo, 9, entre um dobrado e outro, Maria Bernadete e sua vizinha Ant\u00f4nia do Preto, duas matriarcas que h\u00e1 d\u00e9cadas observam o tempo passar sentadas no mesmo banco da pra\u00e7a, come\u00e7aram a cantar, num repente espont\u00e2neo, os versos de um velho sucesso nacional:<\/p>\n<p><strong>&#8220;De que me vale um saco cheio de dinheiro, pra comprar um quilo de feij\u00e3o\u2026&#8221;<\/strong><\/p>\n<p>As vozes das duas, carregadas de emo\u00e7\u00e3o e resili\u00eancia, n\u00e3o tardaram a chamar a aten\u00e7\u00e3o dos outros presentes. Alguns sorriram, outros balan\u00e7aram a cabe\u00e7a em concord\u00e2ncia. Era um desabafo em forma de melodia. As duas sabiam bem o que diziam. O feij\u00e3o, que j\u00e1 fora item b\u00e1sico na mesa do trabalhador, agora parecia um luxo inacess\u00edvel.<\/p>\n<p>Ant\u00f4nia suspirou fundo e abanou o rosto com um leque de propaganda pol\u00edtica j\u00e1 desbotado. &#8220;Lula prometeu mesa farta, mas olha a\u00ed, Bernadete, s\u00f3 t\u00e1 sobrando osso e salsicha cara. Quem segura um lar desse jeito?&#8221;<\/p>\n<p>Bernadete, com seu jeito arisco, n\u00e3o deixou barato: &#8220;Meu filho trabalha de sol a sol e no fim do m\u00eas o sal\u00e1rio dele n\u00e3o compra nem a feira de antigamente. As g\u00f4ndolas do mercado t\u00e3o cheias, mas cheias de pre\u00e7o alto!&#8221;<\/p>\n<p>O padeiro Z\u00e9 de Mariquinha, que passava com um saco de p\u00e3es murchos debaixo do bra\u00e7o, entrou na conversa: &#8220;Antigamente, pobre comprava p\u00e3o franc\u00eas e ainda levava um docinho pro filho. Agora, t\u00e1 todo mundo comendo cuscuz seco e torcendo pra durar at\u00e9 a janta.&#8221;<\/p>\n<p>Fiz um lanche r\u00e1pido pr\u00f3ximo \u00e0 feira da cidade, montada, como de costume, no meio da rua. A bandinha seguiu tocando sua m\u00fasica melanc\u00f3lica. O trombone desafinado parecia chorar junto com o povo. E na pra\u00e7a de Palmares, entre lamentos e lembran\u00e7as, a dura realidade da carestia se fez melodia, numa can\u00e7\u00e3o que nenhum governo parecia disposto a escutar.<\/p>\n","protected":false},"excerpt":{"rendered":"<p>Vindo do Agreste pernambucano, onde fui passar o Carnaval esticado com um feriad\u00e3o decretado pela governadora Raquel Lyra, dei uma parada, j\u00e1 a meio caminho do litoral, em Palmares, cidadezinha buc\u00f3lica encravada na zona da mata pernambucana. Ali as tardes ainda guardam um certo ar de nostalgia. O coreto da pra\u00e7a, meio descascado pelo tempo, [&hellip;]<\/p>\n","protected":false},"author":2,"featured_media":349779,"comment_status":"closed","ping_status":"closed","sticky":false,"template":"","format":"standard","meta":{"_acf_changed":false,"footnotes":""},"categories":[165],"tags":[],"class_list":["post-349778","post","type-post","status-publish","format-standard","has-post-thumbnail","hentry","category-nordeste"],"acf":[],"_links":{"self":[{"href":"https:\/\/www.notibras.com\/site\/wp-json\/wp\/v2\/posts\/349778","targetHints":{"allow":["GET"]}}],"collection":[{"href":"https:\/\/www.notibras.com\/site\/wp-json\/wp\/v2\/posts"}],"about":[{"href":"https:\/\/www.notibras.com\/site\/wp-json\/wp\/v2\/types\/post"}],"author":[{"embeddable":true,"href":"https:\/\/www.notibras.com\/site\/wp-json\/wp\/v2\/users\/2"}],"replies":[{"embeddable":true,"href":"https:\/\/www.notibras.com\/site\/wp-json\/wp\/v2\/comments?post=349778"}],"version-history":[{"count":4,"href":"https:\/\/www.notibras.com\/site\/wp-json\/wp\/v2\/posts\/349778\/revisions"}],"predecessor-version":[{"id":349783,"href":"https:\/\/www.notibras.com\/site\/wp-json\/wp\/v2\/posts\/349778\/revisions\/349783"}],"wp:featuredmedia":[{"embeddable":true,"href":"https:\/\/www.notibras.com\/site\/wp-json\/wp\/v2\/media\/349779"}],"wp:attachment":[{"href":"https:\/\/www.notibras.com\/site\/wp-json\/wp\/v2\/media?parent=349778"}],"wp:term":[{"taxonomy":"category","embeddable":true,"href":"https:\/\/www.notibras.com\/site\/wp-json\/wp\/v2\/categories?post=349778"},{"taxonomy":"post_tag","embeddable":true,"href":"https:\/\/www.notibras.com\/site\/wp-json\/wp\/v2\/tags?post=349778"}],"curies":[{"name":"wp","href":"https:\/\/api.w.org\/{rel}","templated":true}]}}