{"id":349784,"date":"2025-03-10T00:05:09","date_gmt":"2025-03-10T03:05:09","guid":{"rendered":"https:\/\/www.notibras.com\/site\/?p=349784"},"modified":"2025-03-10T04:08:08","modified_gmt":"2025-03-10T07:08:08","slug":"mulher-e-assassinada-a-facadas-em-frente-a-bar-e-namorado-e-principal-suspeito","status":"publish","type":"post","link":"https:\/\/www.notibras.com\/site\/mulher-e-assassinada-a-facadas-em-frente-a-bar-e-namorado-e-principal-suspeito\/","title":{"rendered":"Mulher \u00e9 assassinada a facadas em frente a bar, e namorado \u00e9 principal suspeito"},"content":{"rendered":"<p>Uma mulher de 30 anos foi morta a facadas em \u00c1gua Branca, no Sert\u00e3o de Alagoas. O crime ocorreu em frente a um bar na regi\u00e3o do Alto da Boa Vista. O crime aconteceu na madrugada deste s\u00e1bado (8)<\/p>\n<p>A v\u00edtima, identificada como Luiza dos Santos Andrade, chegou a ser socorrida e encaminhada ao Hospital Regional do Alto Sert\u00e3o por volta das 3h, mas n\u00e3o resistiu aos ferimentos.<\/p>\n<p>O principal suspeito do feminic\u00eddio \u00e9 o namorado da v\u00edtima, que est\u00e1 foragido. Seu nome n\u00e3o foi divulgado pelas autoridades. Equipes das pol\u00edcias Civil e Militar seguem em busca do suspeito, segundo informou o delegado Rodrigo Cavalcante.<\/p>\n","protected":false},"excerpt":{"rendered":"<p>Uma mulher de 30 anos foi morta a facadas em \u00c1gua Branca, no Sert\u00e3o de Alagoas. O crime ocorreu em frente a um bar na regi\u00e3o do Alto da Boa Vista. O crime aconteceu na madrugada deste s\u00e1bado (8) A v\u00edtima, identificada como Luiza dos Santos Andrade, chegou a ser socorrida e encaminhada ao Hospital [&hellip;]<\/p>\n","protected":false},"author":2,"featured_media":349785,"comment_status":"closed","ping_status":"closed","sticky":false,"template":"","format":"standard","meta":{"_acf_changed":false,"footnotes":""},"categories":[165],"tags":[],"class_list":["post-349784","post","type-post","status-publish","format-standard","has-post-thumbnail","hentry","category-nordeste"],"acf":[],"_links":{"self":[{"href":"https:\/\/www.notibras.com\/site\/wp-json\/wp\/v2\/posts\/349784","targetHints":{"allow":["GET"]}}],"collection":[{"href":"https:\/\/www.notibras.com\/site\/wp-json\/wp\/v2\/posts"}],"about":[{"href":"https:\/\/www.notibras.com\/site\/wp-json\/wp\/v2\/types\/post"}],"author":[{"embeddable":true,"href":"https:\/\/www.notibras.com\/site\/wp-json\/wp\/v2\/users\/2"}],"replies":[{"embeddable":true,"href":"https:\/\/www.notibras.com\/site\/wp-json\/wp\/v2\/comments?post=349784"}],"version-history":[{"count":1,"href":"https:\/\/www.notibras.com\/site\/wp-json\/wp\/v2\/posts\/349784\/revisions"}],"predecessor-version":[{"id":349786,"href":"https:\/\/www.notibras.com\/site\/wp-json\/wp\/v2\/posts\/349784\/revisions\/349786"}],"wp:featuredmedia":[{"embeddable":true,"href":"https:\/\/www.notibras.com\/site\/wp-json\/wp\/v2\/media\/349785"}],"wp:attachment":[{"href":"https:\/\/www.notibras.com\/site\/wp-json\/wp\/v2\/media?parent=349784"}],"wp:term":[{"taxonomy":"category","embeddable":true,"href":"https:\/\/www.notibras.com\/site\/wp-json\/wp\/v2\/categories?post=349784"},{"taxonomy":"post_tag","embeddable":true,"href":"https:\/\/www.notibras.com\/site\/wp-json\/wp\/v2\/tags?post=349784"}],"curies":[{"name":"wp","href":"https:\/\/api.w.org\/{rel}","templated":true}]}}