{"id":349787,"date":"2025-03-10T00:13:59","date_gmt":"2025-03-10T03:13:59","guid":{"rendered":"https:\/\/www.notibras.com\/site\/?p=349787"},"modified":"2025-03-10T04:20:11","modified_gmt":"2025-03-10T07:20:11","slug":"semana-comeca-com-chuvas-intensas-no-litoral-nordestino","status":"publish","type":"post","link":"https:\/\/www.notibras.com\/site\/semana-comeca-com-chuvas-intensas-no-litoral-nordestino\/","title":{"rendered":"Semana come\u00e7a com chuvas intensas no litoral nordestino"},"content":{"rendered":"<p>O Instituto Nacional de Meteorologia (Inmet) emitiu tr\u00eas alertas de avisos meteorol\u00f3gicos para a maior parte do litoral do nordestino, abrangendo do Recife a S\u00e3o Lu\u00eds.<\/p>\n<p>A maior incid\u00eancia de chuvas, por\u00e9m, ser\u00e1 no Rio Grande do Norte, sendo dois de chuvas intensas e um de acumulado de chuvas.<\/p>\n<p>Os avisos, especificamente para o Rio Grande do Norte, s\u00e3o:<\/p>\n<p><strong>Chuvas intensas (laranja, perigo) &#8211; para 72 cidades<\/strong><\/p>\n<p><strong>Chuvas intensas (amarelo, perigo potencial) &#8211; para 49 cidades<\/strong><\/p>\n<p><strong>Acumulado de chuva (amarelo, perigo potencial) &#8211; para 7 cidades<\/strong><\/p>\n<p>O Inmet tem tr\u00eas graus na escala de severidade do \u00f3rg\u00e3o, sendo amarelo a mais baixa (perigo potencial), laranja (perigo) a intermedi\u00e1ria, e a vermelho (grande perigo) a mais alta.<\/p>\n","protected":false},"excerpt":{"rendered":"<p>O Instituto Nacional de Meteorologia (Inmet) emitiu tr\u00eas alertas de avisos meteorol\u00f3gicos para a maior parte do litoral do nordestino, abrangendo do Recife a S\u00e3o Lu\u00eds. A maior incid\u00eancia de chuvas, por\u00e9m, ser\u00e1 no Rio Grande do Norte, sendo dois de chuvas intensas e um de acumulado de chuvas. Os avisos, especificamente para o Rio [&hellip;]<\/p>\n","protected":false},"author":2,"featured_media":349788,"comment_status":"closed","ping_status":"closed","sticky":false,"template":"","format":"standard","meta":{"_acf_changed":false,"footnotes":""},"categories":[165],"tags":[],"class_list":["post-349787","post","type-post","status-publish","format-standard","has-post-thumbnail","hentry","category-nordeste"],"acf":[],"_links":{"self":[{"href":"https:\/\/www.notibras.com\/site\/wp-json\/wp\/v2\/posts\/349787","targetHints":{"allow":["GET"]}}],"collection":[{"href":"https:\/\/www.notibras.com\/site\/wp-json\/wp\/v2\/posts"}],"about":[{"href":"https:\/\/www.notibras.com\/site\/wp-json\/wp\/v2\/types\/post"}],"author":[{"embeddable":true,"href":"https:\/\/www.notibras.com\/site\/wp-json\/wp\/v2\/users\/2"}],"replies":[{"embeddable":true,"href":"https:\/\/www.notibras.com\/site\/wp-json\/wp\/v2\/comments?post=349787"}],"version-history":[{"count":3,"href":"https:\/\/www.notibras.com\/site\/wp-json\/wp\/v2\/posts\/349787\/revisions"}],"predecessor-version":[{"id":349791,"href":"https:\/\/www.notibras.com\/site\/wp-json\/wp\/v2\/posts\/349787\/revisions\/349791"}],"wp:featuredmedia":[{"embeddable":true,"href":"https:\/\/www.notibras.com\/site\/wp-json\/wp\/v2\/media\/349788"}],"wp:attachment":[{"href":"https:\/\/www.notibras.com\/site\/wp-json\/wp\/v2\/media?parent=349787"}],"wp:term":[{"taxonomy":"category","embeddable":true,"href":"https:\/\/www.notibras.com\/site\/wp-json\/wp\/v2\/categories?post=349787"},{"taxonomy":"post_tag","embeddable":true,"href":"https:\/\/www.notibras.com\/site\/wp-json\/wp\/v2\/tags?post=349787"}],"curies":[{"name":"wp","href":"https:\/\/api.w.org\/{rel}","templated":true}]}}