{"id":349792,"date":"2025-03-10T04:27:47","date_gmt":"2025-03-10T07:27:47","guid":{"rendered":"https:\/\/www.notibras.com\/site\/?p=349792"},"modified":"2025-03-10T04:40:35","modified_gmt":"2025-03-10T07:40:35","slug":"a-vida-dura-de-julia-mostra-que-nem-tudo-e-um-animado-filme-de-origem-da-disney","status":"publish","type":"post","link":"https:\/\/www.notibras.com\/site\/a-vida-dura-de-julia-mostra-que-nem-tudo-e-um-animado-filme-de-origem-da-disney\/","title":{"rendered":"A vida dura de J\u00falia mostra que nem tudo \u00e9 um animado filme de origem da Disney"},"content":{"rendered":"<p>N\u00e3o sou sonhadora no sentido exato da palavra, ainda mais sonhos fict\u00edcios, j\u00e1 que n\u00e3o os vislumbro h\u00e1 s\u00e9culos. Deve ser porque, ainda pequenina, a vida me mostrou a cara, sem m\u00e1scara, e isso n\u00e3o me fez devaneadora.<\/p>\n<p>\u2014 J\u00falia, mas uma vida sem sonhos \u00e9 muito triste!<\/p>\n<p>\u2014 Armando, meu querido, vivo o poss\u00edvel. Quanto ao imposs\u00edvel, deixo para os filmes da Disney.<\/p>\n<p>\u00c9 l\u00f3gico que tive meus sonhos, o que \u00e9 at\u00e9 esperado em todo ser humano. Todavia, quando vi meus castelos caindo um a um, sabia que a decep\u00e7\u00e3o do sonho n\u00e3o realizado \u00e9 muito maior do que a do n\u00e3o sonhado.<\/p>\n<p>\u2014 Mas, J\u00falia, onde fica a felicidade nisso tudo?<\/p>\n<p>\u2014 Armando, meu amado, felicidade \u00e9 propaganda de margarina, que, na realidade, \u00e9 algo inventado pela ind\u00fastria aliment\u00edcia. A vida \u00e9 que nem manteiga, se bobear, fica ran\u00e7osa no menor descuido.<\/p>\n<p>Se sou infeliz? Hum&#8230; N\u00e3o diria que a infelicidade seja algo que me acompanha. Precavida, talvez, seja a palavra mais adequada, mas que poderia facilmente ser recambiada para algo menos dram\u00e1tico como, por exemplo, conscientizada ou, melhor ainda, acautelada. Ta\u00ed, gosto de acautelada! Pois \u00e9 algo que quase me define, caso n\u00e3o fosse por essa constante metamorfose sobre o sentido da vida que me persegue.<\/p>\n<p>\u2014 Mas, J\u00falia, n\u00e3o \u00e9 poss\u00edvel que voc\u00ea n\u00e3o busque nunca a felicidade.<\/p>\n<p>\u2014 Armando, meu tesouro, t\u00e1 vendo esta tigela vazia?<\/p>\n<p>\u2014 Sim. O que tem isso a ver?<\/p>\n<p>\u2014 Voc\u00ea bem sabe que, n\u00e3o faz nem dois minutos, ela estava transbordando de sorvete.<\/p>\n<p>\u2014 T\u00e1, mas e da\u00ed?<\/p>\n<p>\u2014 Da\u00ed que felicidade n\u00e3o \u00e9 nada al\u00e9m do que esses parcos momentos com sabor de sorvete de morango, chocolate ou, caso queira, flocos. Voc\u00ea se delicia por um instante e, j\u00e1 no minuto seguinte, percebe que enjoou. Nem mesmo uma colherada, por menor que seja, vai lhe fazer bem.<\/p>\n<p>Armando, meu marido, um tolo em busca da felicidade eterna, ainda n\u00e3o percebeu que a vida \u00e9 como um barco sem leme em mar revolto ou que desce sem rumo em rio caudaloso repleto de rochas pelo caminho.<\/p>\n<p>&#8230;&#8230;&#8230;&#8230;&#8230;&#8230;&#8230;&#8230;&#8230;&#8230;&#8230;&#8230;&#8230;&#8230;&#8230;.<\/p>\n<p><strong>Eduardo Mart\u00ednez \u00e9 autor do livro 57 Contos e Cr\u00f4nicas por um Autor Muito Velho\u2019<\/strong><\/p>\n<p>Compre aqui\u00a0<span class=\"x19la9d6 x1fc57z9 x6ikm8r x10wlt62 x19co3pv x1g5zs5t xfibh0p xiy17q3 x1xsqp64 x1lkfr7t xexx8yu x4uap5 x18d9i69 xkhd6sd\"><span class=\"xrtxmta x1bhl96m\"><img decoding=\"async\" class=\"emoji\" role=\"img\" draggable=\"false\" src=\"https:\/\/s.w.org\/images\/core\/emoji\/15.0.3\/svg\/1f447-1f3ff.svg\" alt=\"&#x1f447;&#x1f3ff;\" \/><\/span><\/span><\/p>\n<p><a href=\"https:\/\/www.joanineditora.com.br\/57-contos-e-cronicas-por-um-autor-muito-velho\">https:\/\/www.joanineditora.com.br\/57-contos-e-cronicas-por-um-autor-muito-velho<\/a><\/p>\n","protected":false},"excerpt":{"rendered":"<p>N\u00e3o sou sonhadora no sentido exato da palavra, ainda mais sonhos fict\u00edcios, j\u00e1 que n\u00e3o os vislumbro h\u00e1 s\u00e9culos. Deve ser porque, ainda pequenina, a vida me mostrou a cara, sem m\u00e1scara, e isso n\u00e3o me fez devaneadora. \u2014 J\u00falia, mas uma vida sem sonhos \u00e9 muito triste! \u2014 Armando, meu querido, vivo o poss\u00edvel. [&hellip;]<\/p>\n","protected":false},"author":2,"featured_media":349793,"comment_status":"closed","ping_status":"closed","sticky":false,"template":"","format":"standard","meta":{"_acf_changed":false,"footnotes":""},"categories":[161],"tags":[],"class_list":["post-349792","post","type-post","status-publish","format-standard","has-post-thumbnail","hentry","category-quadradinho-em-foco"],"acf":[],"_links":{"self":[{"href":"https:\/\/www.notibras.com\/site\/wp-json\/wp\/v2\/posts\/349792","targetHints":{"allow":["GET"]}}],"collection":[{"href":"https:\/\/www.notibras.com\/site\/wp-json\/wp\/v2\/posts"}],"about":[{"href":"https:\/\/www.notibras.com\/site\/wp-json\/wp\/v2\/types\/post"}],"author":[{"embeddable":true,"href":"https:\/\/www.notibras.com\/site\/wp-json\/wp\/v2\/users\/2"}],"replies":[{"embeddable":true,"href":"https:\/\/www.notibras.com\/site\/wp-json\/wp\/v2\/comments?post=349792"}],"version-history":[{"count":3,"href":"https:\/\/www.notibras.com\/site\/wp-json\/wp\/v2\/posts\/349792\/revisions"}],"predecessor-version":[{"id":349796,"href":"https:\/\/www.notibras.com\/site\/wp-json\/wp\/v2\/posts\/349792\/revisions\/349796"}],"wp:featuredmedia":[{"embeddable":true,"href":"https:\/\/www.notibras.com\/site\/wp-json\/wp\/v2\/media\/349793"}],"wp:attachment":[{"href":"https:\/\/www.notibras.com\/site\/wp-json\/wp\/v2\/media?parent=349792"}],"wp:term":[{"taxonomy":"category","embeddable":true,"href":"https:\/\/www.notibras.com\/site\/wp-json\/wp\/v2\/categories?post=349792"},{"taxonomy":"post_tag","embeddable":true,"href":"https:\/\/www.notibras.com\/site\/wp-json\/wp\/v2\/tags?post=349792"}],"curies":[{"name":"wp","href":"https:\/\/api.w.org\/{rel}","templated":true}]}}