{"id":349797,"date":"2025-03-10T00:42:25","date_gmt":"2025-03-10T03:42:25","guid":{"rendered":"https:\/\/www.notibras.com\/site\/?p=349797"},"modified":"2025-03-10T04:44:50","modified_gmt":"2025-03-10T07:44:50","slug":"homem-assassinado-a-tiros-em-rua-de-sao-sebastiao","status":"publish","type":"post","link":"https:\/\/www.notibras.com\/site\/homem-assassinado-a-tiros-em-rua-de-sao-sebastiao\/","title":{"rendered":"Homem assassinado a tiros em rua de S\u00e3o Sebasti\u00e3o"},"content":{"rendered":"<p>Na tarde deste domingo (9), um homem de 43 anos foi morto a tiros em via p\u00fablica, na Quadra 12, Rua 4, do Morro Azul, em S\u00e3o Sebasti\u00e3o.<\/p>\n<p>O Corpo de Bombeiros foi acionado e encontrou a v\u00edtima ca\u00edda no ch\u00e3o, apresentando sangramento intenso e em parada cardiorrespirat\u00f3ria.<\/p>\n<p>Os socorristas iniciaram imediatamente os protocolos de reanima\u00e7\u00e3o e conten\u00e7\u00e3o da hemorragia. Al\u00e9m disso, o resgate a\u00e9reo da corpora\u00e7\u00e3o foi mobilizado para prestar suporte m\u00e9dico avan\u00e7ado.<\/p>\n<p>Mesmo ap\u00f3s mais de 40 minutos de procedimentos, a v\u00edtima n\u00e3o respondeu \u00e0s tentativas de reanima\u00e7\u00e3o e teve o \u00f3bito confirmado no local pelo m\u00e9dico da equipe de resgate.<\/p>\n<p>Policiais militares e civis compareceram ao endere\u00e7o para as primeiras investiga\u00e7\u00f5es. At\u00e9 o momento, n\u00e3o h\u00e1 informa\u00e7\u00f5es sobre a identidade do autor dos disparos.<\/p>\n","protected":false},"excerpt":{"rendered":"<p>Na tarde deste domingo (9), um homem de 43 anos foi morto a tiros em via p\u00fablica, na Quadra 12, Rua 4, do Morro Azul, em S\u00e3o Sebasti\u00e3o. O Corpo de Bombeiros foi acionado e encontrou a v\u00edtima ca\u00edda no ch\u00e3o, apresentando sangramento intenso e em parada cardiorrespirat\u00f3ria. Os socorristas iniciaram imediatamente os protocolos de [&hellip;]<\/p>\n","protected":false},"author":2,"featured_media":349798,"comment_status":"closed","ping_status":"closed","sticky":false,"template":"","format":"standard","meta":{"_acf_changed":false,"footnotes":""},"categories":[161],"tags":[],"class_list":["post-349797","post","type-post","status-publish","format-standard","has-post-thumbnail","hentry","category-quadradinho-em-foco"],"acf":[],"_links":{"self":[{"href":"https:\/\/www.notibras.com\/site\/wp-json\/wp\/v2\/posts\/349797","targetHints":{"allow":["GET"]}}],"collection":[{"href":"https:\/\/www.notibras.com\/site\/wp-json\/wp\/v2\/posts"}],"about":[{"href":"https:\/\/www.notibras.com\/site\/wp-json\/wp\/v2\/types\/post"}],"author":[{"embeddable":true,"href":"https:\/\/www.notibras.com\/site\/wp-json\/wp\/v2\/users\/2"}],"replies":[{"embeddable":true,"href":"https:\/\/www.notibras.com\/site\/wp-json\/wp\/v2\/comments?post=349797"}],"version-history":[{"count":1,"href":"https:\/\/www.notibras.com\/site\/wp-json\/wp\/v2\/posts\/349797\/revisions"}],"predecessor-version":[{"id":349799,"href":"https:\/\/www.notibras.com\/site\/wp-json\/wp\/v2\/posts\/349797\/revisions\/349799"}],"wp:featuredmedia":[{"embeddable":true,"href":"https:\/\/www.notibras.com\/site\/wp-json\/wp\/v2\/media\/349798"}],"wp:attachment":[{"href":"https:\/\/www.notibras.com\/site\/wp-json\/wp\/v2\/media?parent=349797"}],"wp:term":[{"taxonomy":"category","embeddable":true,"href":"https:\/\/www.notibras.com\/site\/wp-json\/wp\/v2\/categories?post=349797"},{"taxonomy":"post_tag","embeddable":true,"href":"https:\/\/www.notibras.com\/site\/wp-json\/wp\/v2\/tags?post=349797"}],"curies":[{"name":"wp","href":"https:\/\/api.w.org\/{rel}","templated":true}]}}