{"id":349800,"date":"2025-03-10T00:01:33","date_gmt":"2025-03-10T03:01:33","guid":{"rendered":"https:\/\/www.notibras.com\/site\/?p=349800"},"modified":"2025-03-10T04:51:26","modified_gmt":"2025-03-10T07:51:26","slug":"mulher-de-65-anos-morre-ao-volante-apos-acidente-de-moto","status":"publish","type":"post","link":"https:\/\/www.notibras.com\/site\/mulher-de-65-anos-morre-ao-volante-apos-acidente-de-moto\/","title":{"rendered":"Mulher de 65 anos morre ao volante ap\u00f3s acidente de moto"},"content":{"rendered":"<p>Uma motociclista de 65 anos faleceu na tarde deste s\u00e1bado (8) ap\u00f3s perder o controle da moto e colidir contra um guard-rail na Estrada Parque N\u00facleo Bandeirante (EPNB), pr\u00f3ximo \u00e0 UPA do N\u00facleo Bandeirante.<\/p>\n<p>De acordo com relatos de amigos que a acompanhavam, o grupo realizava um passeio de moto quando a mulher perdeu o controle do ve\u00edculo. Com o impacto da queda, a moto foi arrastada por cerca de 100 metros.<\/p>\n<p>Equipes do Servi\u00e7o de Atendimento M\u00f3vel de Urg\u00eancia (Samu) tentaram reanimar a v\u00edtima, mas ela n\u00e3o resistiu aos ferimentos. Peritos da Pol\u00edcia Civil estiveram no local, e o Departamento de Tr\u00e2nsito do Distrito Federal (Detran-DF) interditou duas das tr\u00eas faixas da via. O acidente provocou congestionamento na EPNB.<\/p>\n","protected":false},"excerpt":{"rendered":"<p>Uma motociclista de 65 anos faleceu na tarde deste s\u00e1bado (8) ap\u00f3s perder o controle da moto e colidir contra um guard-rail na Estrada Parque N\u00facleo Bandeirante (EPNB), pr\u00f3ximo \u00e0 UPA do N\u00facleo Bandeirante. De acordo com relatos de amigos que a acompanhavam, o grupo realizava um passeio de moto quando a mulher perdeu o [&hellip;]<\/p>\n","protected":false},"author":2,"featured_media":349801,"comment_status":"closed","ping_status":"closed","sticky":false,"template":"","format":"standard","meta":{"_acf_changed":false,"footnotes":""},"categories":[161],"tags":[],"class_list":["post-349800","post","type-post","status-publish","format-standard","has-post-thumbnail","hentry","category-quadradinho-em-foco"],"acf":[],"_links":{"self":[{"href":"https:\/\/www.notibras.com\/site\/wp-json\/wp\/v2\/posts\/349800","targetHints":{"allow":["GET"]}}],"collection":[{"href":"https:\/\/www.notibras.com\/site\/wp-json\/wp\/v2\/posts"}],"about":[{"href":"https:\/\/www.notibras.com\/site\/wp-json\/wp\/v2\/types\/post"}],"author":[{"embeddable":true,"href":"https:\/\/www.notibras.com\/site\/wp-json\/wp\/v2\/users\/2"}],"replies":[{"embeddable":true,"href":"https:\/\/www.notibras.com\/site\/wp-json\/wp\/v2\/comments?post=349800"}],"version-history":[{"count":1,"href":"https:\/\/www.notibras.com\/site\/wp-json\/wp\/v2\/posts\/349800\/revisions"}],"predecessor-version":[{"id":349802,"href":"https:\/\/www.notibras.com\/site\/wp-json\/wp\/v2\/posts\/349800\/revisions\/349802"}],"wp:featuredmedia":[{"embeddable":true,"href":"https:\/\/www.notibras.com\/site\/wp-json\/wp\/v2\/media\/349801"}],"wp:attachment":[{"href":"https:\/\/www.notibras.com\/site\/wp-json\/wp\/v2\/media?parent=349800"}],"wp:term":[{"taxonomy":"category","embeddable":true,"href":"https:\/\/www.notibras.com\/site\/wp-json\/wp\/v2\/categories?post=349800"},{"taxonomy":"post_tag","embeddable":true,"href":"https:\/\/www.notibras.com\/site\/wp-json\/wp\/v2\/tags?post=349800"}],"curies":[{"name":"wp","href":"https:\/\/api.w.org\/{rel}","templated":true}]}}