{"id":349829,"date":"2025-03-11T07:00:06","date_gmt":"2025-03-11T10:00:06","guid":{"rendered":"https:\/\/www.notibras.com\/site\/?p=349829"},"modified":"2025-03-11T15:33:41","modified_gmt":"2025-03-11T18:33:41","slug":"quilombolas-lutam-para-garantir-seu-lugar-ao-sol","status":"publish","type":"post","link":"https:\/\/www.notibras.com\/site\/quilombolas-lutam-para-garantir-seu-lugar-ao-sol\/","title":{"rendered":"Quilombolas lutam para garantir seu lugar ao sol"},"content":{"rendered":"<p>Na madrugada silenciosa, quando o sol ainda hesita em nascer, as vozes dos quilombolas ecoam pela pequena comunidade de Palmares, um lugar marcado por s\u00e9culos de resist\u00eancia. Cada passo nas trilhas de terra batida carrega a mem\u00f3ria de ancestrais que, um dia, lutaram contra a opress\u00e3o. O quilombo, s\u00edmbolo de liberdade e for\u00e7a, resiste, ainda que amea\u00e7ado.<\/p>\n<p>Os quilombolas, como tantas outras comunidades negras no Brasil, n\u00e3o vivem apenas de passado. A hist\u00f3ria de luta, contudo, n\u00e3o foi enterrada no tempo; ela pulsa nas veias dos filhos e filhas dessas terras. As mulheres, com seus cabelos tran\u00e7ados e olhares firmes, t\u00eam sido protagonistas desta resist\u00eancia. Elas n\u00e3o apenas preservam as tradi\u00e7\u00f5es, mas tamb\u00e9m s\u00e3o a linha de frente na batalha por direitos, pelo reconhecimento de suas terras, e contra o preconceito que ainda assombra o pa\u00eds.<\/p>\n<p>A cada dia, enfrentam desafios que parecem intermin\u00e1veis. Alguns tentam invadir suas terras para extrair riquezas que pertencem \u00e0 natureza, outros ainda buscam apagar a mem\u00f3ria de um povo que, mesmo ap\u00f3s s\u00e9culos, n\u00e3o se deixou submeter. Mesmo com o avan\u00e7o das lutas, a viol\u00eancia rural, o racismo e o desamparo ainda marcam o cotidiano dessas comunidades.<\/p>\n<p>Mas h\u00e1 algo que nenhuma for\u00e7a pode destruir: a cultura. Nos festejos, nas dan\u00e7as, nos cantos, nas rezas, os quilombolas reafirmam sua identidade. A for\u00e7a da ancestralidade se traduz em for\u00e7a de vontade. A luta por terra \u00e9 uma luta por dignidade. Cada quilombo, mesmo que pequeno, \u00e9 uma grande vit\u00f3ria da resist\u00eancia negra, que insiste em se manter viva, mesmo nos tempos dif\u00edceis.<\/p>\n<p>O Brasil, ainda que caminhe devagar, precisa ouvir essas vozes. Precisamos reconhecer que, al\u00e9m da heran\u00e7a hist\u00f3rica, os quilombolas s\u00e3o parte fundamental do presente e, mais do que isso, s\u00e3o um futuro poss\u00edvel, repleto de resist\u00eancia, esperan\u00e7a e a vontade de finalmente ter um lugar ao sol.<\/p>\n","protected":false},"excerpt":{"rendered":"<p>Na madrugada silenciosa, quando o sol ainda hesita em nascer, as vozes dos quilombolas ecoam pela pequena comunidade de Palmares, um lugar marcado por s\u00e9culos de resist\u00eancia. Cada passo nas trilhas de terra batida carrega a mem\u00f3ria de ancestrais que, um dia, lutaram contra a opress\u00e3o. O quilombo, s\u00edmbolo de liberdade e for\u00e7a, resiste, ainda [&hellip;]<\/p>\n","protected":false},"author":2,"featured_media":349830,"comment_status":"closed","ping_status":"closed","sticky":false,"template":"","format":"standard","meta":{"_acf_changed":false,"footnotes":""},"categories":[165],"tags":[],"class_list":["post-349829","post","type-post","status-publish","format-standard","has-post-thumbnail","hentry","category-nordeste"],"acf":[],"_links":{"self":[{"href":"https:\/\/www.notibras.com\/site\/wp-json\/wp\/v2\/posts\/349829","targetHints":{"allow":["GET"]}}],"collection":[{"href":"https:\/\/www.notibras.com\/site\/wp-json\/wp\/v2\/posts"}],"about":[{"href":"https:\/\/www.notibras.com\/site\/wp-json\/wp\/v2\/types\/post"}],"author":[{"embeddable":true,"href":"https:\/\/www.notibras.com\/site\/wp-json\/wp\/v2\/users\/2"}],"replies":[{"embeddable":true,"href":"https:\/\/www.notibras.com\/site\/wp-json\/wp\/v2\/comments?post=349829"}],"version-history":[{"count":2,"href":"https:\/\/www.notibras.com\/site\/wp-json\/wp\/v2\/posts\/349829\/revisions"}],"predecessor-version":[{"id":349832,"href":"https:\/\/www.notibras.com\/site\/wp-json\/wp\/v2\/posts\/349829\/revisions\/349832"}],"wp:featuredmedia":[{"embeddable":true,"href":"https:\/\/www.notibras.com\/site\/wp-json\/wp\/v2\/media\/349830"}],"wp:attachment":[{"href":"https:\/\/www.notibras.com\/site\/wp-json\/wp\/v2\/media?parent=349829"}],"wp:term":[{"taxonomy":"category","embeddable":true,"href":"https:\/\/www.notibras.com\/site\/wp-json\/wp\/v2\/categories?post=349829"},{"taxonomy":"post_tag","embeddable":true,"href":"https:\/\/www.notibras.com\/site\/wp-json\/wp\/v2\/tags?post=349829"}],"curies":[{"name":"wp","href":"https:\/\/api.w.org\/{rel}","templated":true}]}}