{"id":349856,"date":"2025-03-11T00:10:59","date_gmt":"2025-03-11T03:10:59","guid":{"rendered":"https:\/\/www.notibras.com\/site\/?p=349856"},"modified":"2025-03-11T08:12:28","modified_gmt":"2025-03-11T11:12:28","slug":"recife-natal-e-joao-pessoa-puxam-alta-do-preco-da-cesta-basica","status":"publish","type":"post","link":"https:\/\/www.notibras.com\/site\/recife-natal-e-joao-pessoa-puxam-alta-do-preco-da-cesta-basica\/","title":{"rendered":"Recife, Natal e Jo\u00e3o Pessoa puxam alta do pre\u00e7o da cesta b\u00e1sica"},"content":{"rendered":"<p>No m\u00eas de fevereiro, o custo m\u00e9dio da cesta b\u00e1sica subiu em 14 das 17 capitais brasileiras que s\u00e3o analisadas pela Pesquisa Nacional da Cesta B\u00e1sica de Alimentos, divulgada mensalmente pelo Departamento Intersindical de Estat\u00edstica e Estudos Socioecon\u00f4micos (Dieese). Apenas tr\u00eas capitais apresentaram queda no custo da cesta: Goi\u00e2nia (-2,32%), Florian\u00f3polis (-0,13%) e Porto Alegre (-0,12%).<\/p>\n<p>As maiores eleva\u00e7\u00f5es observadas entre os meses de janeiro e fevereiro ocorreram em Recife (4,44%), Jo\u00e3o Pessoa (2,55%), Natal (2,28%) e Bras\u00edlia (2,15%).<\/p>\n<p>Entre os maiores vil\u00f5es para o aumento no pre\u00e7o da cesta est\u00e3o o caf\u00e9, que subiu em todas as capitais pesquisadas, o tomate e o quilo da carne bovina de primeira. No caso do caf\u00e9, as altas variaram entre 6,66%, na capital paulista, e 23,81%, em Florian\u00f3polis.<\/p>\n<p><strong>Cesta mais cara<\/strong><br \/>\nA cesta b\u00e1sica mais cara do pa\u00eds no m\u00eas de fevereiro foi a de S\u00e3o Paulo, com custo m\u00e9dio de R$ 860,53. Em seguida, est\u00e3o as cestas do Rio de Janeiro (R$ 814,90), Florian\u00f3polis (R$ 807,71) e Campo Grande (R$ 773,95). J\u00e1 nas regi\u00f5es Norte e Nordeste do pa\u00eds, onde a composi\u00e7\u00e3o da cesta \u00e9 diferente, os menores valores foram registrados em Aracaju (R$ 580,45), Recife (R$ 625,33) e Salvador (R$ 628,80).<\/p>\n<p>O Dieese estimou que o sal\u00e1rio-m\u00ednimo em fevereiro deveria ser de R$ 7.229,32 ou 4,76 vezes o m\u00ednimo atual de R$ 1.518,00. O c\u00e1lculo foi feito com base na cesta mais cara, que, no m\u00eas passado foi a de S\u00e3o Paulo, e levando em considera\u00e7\u00e3o a determina\u00e7\u00e3o constitucional que estabelece que o sal\u00e1rio-m\u00ednimo deve ser suficiente para suprir as despesas com alimenta\u00e7\u00e3o, moradia, sa\u00fade, educa\u00e7\u00e3o, vestu\u00e1rio, higiene, transporte, lazer e previd\u00eancia.<\/p>\n","protected":false},"excerpt":{"rendered":"<p>No m\u00eas de fevereiro, o custo m\u00e9dio da cesta b\u00e1sica subiu em 14 das 17 capitais brasileiras que s\u00e3o analisadas pela Pesquisa Nacional da Cesta B\u00e1sica de Alimentos, divulgada mensalmente pelo Departamento Intersindical de Estat\u00edstica e Estudos Socioecon\u00f4micos (Dieese). Apenas tr\u00eas capitais apresentaram queda no custo da cesta: Goi\u00e2nia (-2,32%), Florian\u00f3polis (-0,13%) e Porto Alegre [&hellip;]<\/p>\n","protected":false},"author":2,"featured_media":349857,"comment_status":"closed","ping_status":"closed","sticky":false,"template":"","format":"standard","meta":{"_acf_changed":false,"footnotes":""},"categories":[165],"tags":[],"class_list":["post-349856","post","type-post","status-publish","format-standard","has-post-thumbnail","hentry","category-nordeste"],"acf":[],"_links":{"self":[{"href":"https:\/\/www.notibras.com\/site\/wp-json\/wp\/v2\/posts\/349856","targetHints":{"allow":["GET"]}}],"collection":[{"href":"https:\/\/www.notibras.com\/site\/wp-json\/wp\/v2\/posts"}],"about":[{"href":"https:\/\/www.notibras.com\/site\/wp-json\/wp\/v2\/types\/post"}],"author":[{"embeddable":true,"href":"https:\/\/www.notibras.com\/site\/wp-json\/wp\/v2\/users\/2"}],"replies":[{"embeddable":true,"href":"https:\/\/www.notibras.com\/site\/wp-json\/wp\/v2\/comments?post=349856"}],"version-history":[{"count":1,"href":"https:\/\/www.notibras.com\/site\/wp-json\/wp\/v2\/posts\/349856\/revisions"}],"predecessor-version":[{"id":349858,"href":"https:\/\/www.notibras.com\/site\/wp-json\/wp\/v2\/posts\/349856\/revisions\/349858"}],"wp:featuredmedia":[{"embeddable":true,"href":"https:\/\/www.notibras.com\/site\/wp-json\/wp\/v2\/media\/349857"}],"wp:attachment":[{"href":"https:\/\/www.notibras.com\/site\/wp-json\/wp\/v2\/media?parent=349856"}],"wp:term":[{"taxonomy":"category","embeddable":true,"href":"https:\/\/www.notibras.com\/site\/wp-json\/wp\/v2\/categories?post=349856"},{"taxonomy":"post_tag","embeddable":true,"href":"https:\/\/www.notibras.com\/site\/wp-json\/wp\/v2\/tags?post=349856"}],"curies":[{"name":"wp","href":"https:\/\/api.w.org\/{rel}","templated":true}]}}