{"id":349886,"date":"2025-03-11T00:24:23","date_gmt":"2025-03-11T03:24:23","guid":{"rendered":"https:\/\/www.notibras.com\/site\/?p=349886"},"modified":"2025-03-11T15:26:40","modified_gmt":"2025-03-11T18:26:40","slug":"menina-morre-ao-aceitar-desafio-para-inalar-desodorante-aerosol","status":"publish","type":"post","link":"https:\/\/www.notibras.com\/site\/menina-morre-ao-aceitar-desafio-para-inalar-desodorante-aerosol\/","title":{"rendered":"Menina morre ao aceitar desafio para inalar desodorante aerosol"},"content":{"rendered":"<p>Uma adolescente de 11 anos de idade morreu ap\u00f3s ser supostamente desafiada a inalar desodorante aerosol em uma disputa pela iternet. Ela foi encontrada desacordada pelo pai nesse domingo (9), em Bom Jardim, no Agreste de Pernambuco.<\/p>\n<p>Brenda Sophia Melo de Santana, estava na pr\u00f3pria cama enrolada em um len\u00e7ol e com um frasco de desodorante na m\u00e3o. O pai a levou imediatamente para o Hospital Municipal Dr. Miguel Arraes, por volta das 16h24. A menina estava inconsciente e apresentava parada cardiorrespirat\u00f3ria e provavelmente j\u00e1 chegou sem vida na unidade de sa\u00fade.<\/p>\n<p>Mesmo assim, os m\u00e9dicos tentaram reanim\u00e1-la por cerca de 40 minutos, mas n\u00e3o obtiveram sucesso. A menina tinha a l\u00edngua coberta por um material esbranqui\u00e7ado, o que levou a Prefeitura Municipal admitir que a morte da crian\u00e7a foi por \u201cposs\u00edvel inala\u00e7\u00e3o, por via oral, de desodorante aerossol&#8221;.<\/p>\n<p>O corpo foi levado para o Instituto de Medicina Legal (IML) de Caruaru para passar por per\u00edcias e foi liberado para os parentes. A Pol\u00edcia Civil registrou o caso como \u201cmorte a esclarecer\u201d e informou que uma \u201cinvestiga\u00e7\u00e3o foi iniciada e dilig\u00eancias seguem at\u00e9 o esclarecimento do caso\u201d.<\/p>\n<p><strong>Brincadeira perigosa<\/strong><br \/>\nO &#8220;Desafio do Desodorante\u201d, um jogo perigoso que encoraja crian\u00e7as e adolescentes a inalarem o aerossol, n\u00e3o \u00e9 uma brincadeira nova e j\u00e1 levou a \u00f3bito muitos jovens pelo pais afora. Bem longe de Belo Jardim, no munic\u00edpio de Araras, em S\u00e3o Paulo, uma crian\u00e7a foi hospitalizada recentemente na UPA (Unidade de Pronto Atendimento) 24 horas \u201cElisa Sbrissa Franchozza\u201d depois de participar do jogo.<\/p>\n<p>Segundo a pediatra da Unidade, Gabriela Barreto, a inala\u00e7\u00e3o do produto pode causar danos graves \u00e0 sa\u00fade como desconforto respirat\u00f3rio e pneumonite qu\u00edmica (inflama\u00e7\u00e3o do pulm\u00e3o). \u201cIndependente da idade, \u00e9 muito perigoso e pode ser que os m\u00e9dicos precisem usar medidas invasivas\u201d, explica.<\/p>\n<p>\u00c9 importante que os respons\u00e1veis fiquem atentos em casa. \u201cPrimeiramente, pedimos que os pais conversem com as crian\u00e7as e alertarem para os riscos. Depois, que se atentem aos sintomas como tosse, falta de ar, afundamento da garganta, e se dirijam ao Pronto Socorro\u201d, alerta Gabriela.<\/p>\n","protected":false},"excerpt":{"rendered":"<p>Uma adolescente de 11 anos de idade morreu ap\u00f3s ser supostamente desafiada a inalar desodorante aerosol em uma disputa pela iternet. Ela foi encontrada desacordada pelo pai nesse domingo (9), em Bom Jardim, no Agreste de Pernambuco. Brenda Sophia Melo de Santana, estava na pr\u00f3pria cama enrolada em um len\u00e7ol e com um frasco de [&hellip;]<\/p>\n","protected":false},"author":2,"featured_media":349887,"comment_status":"closed","ping_status":"closed","sticky":false,"template":"","format":"standard","meta":{"_acf_changed":false,"footnotes":""},"categories":[165],"tags":[],"class_list":["post-349886","post","type-post","status-publish","format-standard","has-post-thumbnail","hentry","category-nordeste"],"acf":[],"_links":{"self":[{"href":"https:\/\/www.notibras.com\/site\/wp-json\/wp\/v2\/posts\/349886","targetHints":{"allow":["GET"]}}],"collection":[{"href":"https:\/\/www.notibras.com\/site\/wp-json\/wp\/v2\/posts"}],"about":[{"href":"https:\/\/www.notibras.com\/site\/wp-json\/wp\/v2\/types\/post"}],"author":[{"embeddable":true,"href":"https:\/\/www.notibras.com\/site\/wp-json\/wp\/v2\/users\/2"}],"replies":[{"embeddable":true,"href":"https:\/\/www.notibras.com\/site\/wp-json\/wp\/v2\/comments?post=349886"}],"version-history":[{"count":1,"href":"https:\/\/www.notibras.com\/site\/wp-json\/wp\/v2\/posts\/349886\/revisions"}],"predecessor-version":[{"id":349888,"href":"https:\/\/www.notibras.com\/site\/wp-json\/wp\/v2\/posts\/349886\/revisions\/349888"}],"wp:featuredmedia":[{"embeddable":true,"href":"https:\/\/www.notibras.com\/site\/wp-json\/wp\/v2\/media\/349887"}],"wp:attachment":[{"href":"https:\/\/www.notibras.com\/site\/wp-json\/wp\/v2\/media?parent=349886"}],"wp:term":[{"taxonomy":"category","embeddable":true,"href":"https:\/\/www.notibras.com\/site\/wp-json\/wp\/v2\/categories?post=349886"},{"taxonomy":"post_tag","embeddable":true,"href":"https:\/\/www.notibras.com\/site\/wp-json\/wp\/v2\/tags?post=349886"}],"curies":[{"name":"wp","href":"https:\/\/api.w.org\/{rel}","templated":true}]}}