{"id":349889,"date":"2025-03-11T06:30:02","date_gmt":"2025-03-11T09:30:02","guid":{"rendered":"https:\/\/www.notibras.com\/site\/?p=349889"},"modified":"2025-03-11T15:32:10","modified_gmt":"2025-03-11T18:32:10","slug":"pf-mira-faccao-que-ajudou-em-fuga-de-presidio","status":"publish","type":"post","link":"https:\/\/www.notibras.com\/site\/pf-mira-faccao-que-ajudou-em-fuga-de-presidio\/","title":{"rendered":"PF mira fac\u00e7\u00e3o que ajudou em fuga de pres\u00eddio"},"content":{"rendered":"<p>A Pol\u00edcia Federal (PF) deflagrou a opera\u00e7\u00e3o Red Dot, contra membros do Comando Vermelho (CV) que auxiliaram na fuga de dois detentos da penitenci\u00e1ria federal de Mossor\u00f3, no Rio Grande do Norte.<\/p>\n<p>A fuga ocorreu em 14 de fevereiro do ano passado, no primeiro epis\u00f3dio do tipo desde que foi criado o sistema penitenci\u00e1rio federal, em 2006, com o objetivo de abrigar lideran\u00e7as de organiza\u00e7\u00f5es criminosas e detentos de alta periculosidade.<\/p>\n<p>Segundo as investiga\u00e7\u00f5es, Rog\u00e9rio da Silva Mendon\u00e7a e Deibson Cabral Nascimento, que conseguiram escapar pela abertura de uma lumin\u00e1ria nas celas, receberam ajuda do CV assim que deixaram a pris\u00e3o.<\/p>\n<p>\u201cNaquela ocasi\u00e3o, os levantamentos obtidos apontaram para a pr\u00e1tica de outros crimes, demandando a instaura\u00e7\u00e3o de inqu\u00e9rito policial com o prop\u00f3sito espec\u00edfico de mapear os integrantes da fac\u00e7\u00e3o com atua\u00e7\u00e3o no Rio Grande do Norte\u201d, informou a PF nesta ter\u00e7a.<\/p>\n<p>A opera\u00e7\u00e3o desta ter\u00e7a investiga os crimes de organiza\u00e7\u00e3o criminosa armada, tr\u00e1fico de drogas e de armas, lavagem de dinheiro, tortura e homic\u00eddio, acrescentou a corpora\u00e7\u00e3o, em nota.<\/p>\n<p>Mais de 200 policiais cumprem 14 mandados de pris\u00e3o preventiva; 13 mandados de pris\u00e3o tempor\u00e1ria e 31 mandados de busca e apreens\u00e3o, nas cidades de Natal, Mossor\u00f3 (RN), Bara\u00fana (RN), Assu (RN), Pedro Avelino (RN), Aquiraz (CE) e Rio de Janeiro.<\/p>\n<p>Os mandados foram expedidos pela justi\u00e7a do Rio Grande do Norte, que determinou ainda o bloqueio judicial de R$ 22,5 milh\u00f5es em 32 contas banc\u00e1rias.<\/p>\n","protected":false},"excerpt":{"rendered":"<p>A Pol\u00edcia Federal (PF) deflagrou a opera\u00e7\u00e3o Red Dot, contra membros do Comando Vermelho (CV) que auxiliaram na fuga de dois detentos da penitenci\u00e1ria federal de Mossor\u00f3, no Rio Grande do Norte. A fuga ocorreu em 14 de fevereiro do ano passado, no primeiro epis\u00f3dio do tipo desde que foi criado o sistema penitenci\u00e1rio federal, [&hellip;]<\/p>\n","protected":false},"author":2,"featured_media":349891,"comment_status":"closed","ping_status":"closed","sticky":false,"template":"","format":"standard","meta":{"_acf_changed":false,"footnotes":""},"categories":[165],"tags":[],"class_list":["post-349889","post","type-post","status-publish","format-standard","has-post-thumbnail","hentry","category-nordeste"],"acf":[],"_links":{"self":[{"href":"https:\/\/www.notibras.com\/site\/wp-json\/wp\/v2\/posts\/349889","targetHints":{"allow":["GET"]}}],"collection":[{"href":"https:\/\/www.notibras.com\/site\/wp-json\/wp\/v2\/posts"}],"about":[{"href":"https:\/\/www.notibras.com\/site\/wp-json\/wp\/v2\/types\/post"}],"author":[{"embeddable":true,"href":"https:\/\/www.notibras.com\/site\/wp-json\/wp\/v2\/users\/2"}],"replies":[{"embeddable":true,"href":"https:\/\/www.notibras.com\/site\/wp-json\/wp\/v2\/comments?post=349889"}],"version-history":[{"count":1,"href":"https:\/\/www.notibras.com\/site\/wp-json\/wp\/v2\/posts\/349889\/revisions"}],"predecessor-version":[{"id":349892,"href":"https:\/\/www.notibras.com\/site\/wp-json\/wp\/v2\/posts\/349889\/revisions\/349892"}],"wp:featuredmedia":[{"embeddable":true,"href":"https:\/\/www.notibras.com\/site\/wp-json\/wp\/v2\/media\/349891"}],"wp:attachment":[{"href":"https:\/\/www.notibras.com\/site\/wp-json\/wp\/v2\/media?parent=349889"}],"wp:term":[{"taxonomy":"category","embeddable":true,"href":"https:\/\/www.notibras.com\/site\/wp-json\/wp\/v2\/categories?post=349889"},{"taxonomy":"post_tag","embeddable":true,"href":"https:\/\/www.notibras.com\/site\/wp-json\/wp\/v2\/tags?post=349889"}],"curies":[{"name":"wp","href":"https:\/\/api.w.org\/{rel}","templated":true}]}}