{"id":349942,"date":"2025-03-12T00:00:27","date_gmt":"2025-03-12T03:00:27","guid":{"rendered":"https:\/\/www.notibras.com\/site\/?p=349942"},"modified":"2025-03-12T06:34:27","modified_gmt":"2025-03-12T09:34:27","slug":"indigena-pataxo-e-assassinado-em-comunidade-na-bahia","status":"publish","type":"post","link":"https:\/\/www.notibras.com\/site\/indigena-pataxo-e-assassinado-em-comunidade-na-bahia\/","title":{"rendered":"Ind\u00edgena patax\u00f3 \u00e9 assassinado em comunidade na Bahia"},"content":{"rendered":"<p>O ind\u00edgena Vitor Braz, de 53 anos, do povo patax\u00f3, foi assassinado na noite desta segunda-feira (10), durante um ataque contra comunidade da Terra Ind\u00edgena Barra Velha do Monte Pascoal, no munic\u00edpio de Prado (BA). Segundo o que foi divulgado por entidades ind\u00edgenas e pela Secretaria de Seguran\u00e7a P\u00fablica da Bahia, ele foi morto por disparos de arma de fogo.<\/p>\n<p>Braz era morador da Terra \u00e0 Vista, localizada em \u00e1rea que est\u00e1 em processo de demarca\u00e7\u00e3o. Segundo a Secretaria de Seguran\u00e7a P\u00fablica, outro ind\u00edgena foi ferido por disparos de arma de fogo e teve que passar por cirurgia na manh\u00e3 desta ter\u00e7a-feira (11).<\/p>\n<p><strong>&#8220;Indigna\u00e7\u00e3o&#8221;<\/strong><br \/>\nAp\u00f3s o crime, o Conselho de Caciques Patax\u00f3 (Conpaca) manifestou \u201cprofundo rep\u00fadio e indigna\u00e7\u00e3o\u201d diante da viol\u00eancia.<\/p>\n<p>\u201cVitor Braz foi cruelmente assassinado por pistoleiros em um ataque orquestrado por fazendeiros, e outros dois adolescentes seguem desaparecidos\u201d, acusou a entidade.<\/p>\n<p>O Conselho de Caciques Patax\u00f3 considera que a nova trag\u00e9dia se soma a um hist\u00f3rico de viola\u00e7\u00f5es e amea\u00e7as contra o povo patax\u00f3. \u201cN\u00e3o aceitaremos que nossas terras sejam tomadas e que nossas vidas sejam ceifadas impunemente\u201d, apontou o Conpaca.<\/p>\n<p>A entidade, em nota, reafirmou que exige provid\u00eancias imediatas das autoridades.<\/p>\n<p>\u201cExigimos justi\u00e7a para V\u00edtor Braz e a localiza\u00e7\u00e3o urgente dos adolescentes desaparecidos. N\u00e3o permitiremos que mais uma gota de sangue ind\u00edgena seja derramada sem resposta\u201d, ressaltou no documento.<\/p>\n<p><strong>Audi\u00eancia p\u00fablica<\/strong><br \/>\nTanto o Conselho Ind\u00edgena Mission\u00e1rio como o Conpaca contextualizaram, em suas manifesta\u00e7\u00f5es, que o assassinato ocorreu na noite que antecedeu a audi\u00eancia p\u00fablica em Bras\u00edlia (DF) sobre a demarca\u00e7\u00e3o das terras ind\u00edgenas Tupinamb\u00e1 de Oliven\u00e7a, Tupinamb\u00e1 de Belmonte e Barra Velha do Monte Pascoal.<\/p>\n<p>\u201cCerca de 300 ind\u00edgenas dos povos tupinamb\u00e1 e patax\u00f3 encontram-se na capital federal para participar da atividade, promovida pelo Minist\u00e9rio P\u00fablico Federal (MPF). A audi\u00eancia iniciou com um minuto de sil\u00eancio em mem\u00f3ria de Vitor Braz\u201d, assinalou o Cimi.<\/p>\n<p><strong>Espera por demarca\u00e7\u00e3o<\/strong><br \/>\nDe acordo com a entidade, os tr\u00eas territ\u00f3rios, localizados no sul e extremo sul da Bahia, aguardam h\u00e1 mais de uma d\u00e9cada a emiss\u00e3o das portarias declarat\u00f3rias da demarca\u00e7\u00e3o, atribui\u00e7\u00e3o do Minist\u00e9rio da Justi\u00e7a.<\/p>\n<p>\u201cN\u00e3o h\u00e1 nenhum impedimento jur\u00eddico ou administrativo para a emiss\u00e3o das portarias\u201d, lamentou.<\/p>\n<p><strong>Busca dos suspeitos<\/strong><br \/>\nTamb\u00e9m em nota, a Secretaria da Seguran\u00e7a P\u00fablica da Bahia informou que um grupo denominado For\u00e7a Integrada de Combate a Crimes Comuns Envolvendo Povos e Comunidades Tradicionais refor\u00e7ou as a\u00e7\u00f5es ostensivas e de intelig\u00eancia na Aldeia Terra Vista, ap\u00f3s o crime.<\/p>\n<p>\u201cAs For\u00e7as da Seguran\u00e7a trabalham no local buscando identificar e capturar os envolvidos no ataque a tiros\u201d, afirmou a SSP.<\/p>\n","protected":false},"excerpt":{"rendered":"<p>O ind\u00edgena Vitor Braz, de 53 anos, do povo patax\u00f3, foi assassinado na noite desta segunda-feira (10), durante um ataque contra comunidade da Terra Ind\u00edgena Barra Velha do Monte Pascoal, no munic\u00edpio de Prado (BA). Segundo o que foi divulgado por entidades ind\u00edgenas e pela Secretaria de Seguran\u00e7a P\u00fablica da Bahia, ele foi morto por [&hellip;]<\/p>\n","protected":false},"author":2,"featured_media":159302,"comment_status":"closed","ping_status":"closed","sticky":false,"template":"","format":"standard","meta":{"_acf_changed":false,"footnotes":""},"categories":[165],"tags":[],"class_list":["post-349942","post","type-post","status-publish","format-standard","has-post-thumbnail","hentry","category-nordeste"],"acf":[],"_links":{"self":[{"href":"https:\/\/www.notibras.com\/site\/wp-json\/wp\/v2\/posts\/349942","targetHints":{"allow":["GET"]}}],"collection":[{"href":"https:\/\/www.notibras.com\/site\/wp-json\/wp\/v2\/posts"}],"about":[{"href":"https:\/\/www.notibras.com\/site\/wp-json\/wp\/v2\/types\/post"}],"author":[{"embeddable":true,"href":"https:\/\/www.notibras.com\/site\/wp-json\/wp\/v2\/users\/2"}],"replies":[{"embeddable":true,"href":"https:\/\/www.notibras.com\/site\/wp-json\/wp\/v2\/comments?post=349942"}],"version-history":[{"count":1,"href":"https:\/\/www.notibras.com\/site\/wp-json\/wp\/v2\/posts\/349942\/revisions"}],"predecessor-version":[{"id":349943,"href":"https:\/\/www.notibras.com\/site\/wp-json\/wp\/v2\/posts\/349942\/revisions\/349943"}],"wp:featuredmedia":[{"embeddable":true,"href":"https:\/\/www.notibras.com\/site\/wp-json\/wp\/v2\/media\/159302"}],"wp:attachment":[{"href":"https:\/\/www.notibras.com\/site\/wp-json\/wp\/v2\/media?parent=349942"}],"wp:term":[{"taxonomy":"category","embeddable":true,"href":"https:\/\/www.notibras.com\/site\/wp-json\/wp\/v2\/categories?post=349942"},{"taxonomy":"post_tag","embeddable":true,"href":"https:\/\/www.notibras.com\/site\/wp-json\/wp\/v2\/tags?post=349942"}],"curies":[{"name":"wp","href":"https:\/\/api.w.org\/{rel}","templated":true}]}}