{"id":349946,"date":"2025-03-12T00:09:07","date_gmt":"2025-03-12T03:09:07","guid":{"rendered":"https:\/\/www.notibras.com\/site\/?p=349946"},"modified":"2025-03-12T07:01:04","modified_gmt":"2025-03-12T10:01:04","slug":"policia-pega-influenciador-digital-por-venda-ilegal-de-rifas","status":"publish","type":"post","link":"https:\/\/www.notibras.com\/site\/policia-pega-influenciador-digital-por-venda-ilegal-de-rifas\/","title":{"rendered":"Pol\u00edcia pega influenciador digital por venda ilegal de rifas"},"content":{"rendered":"<p>A Pol\u00edcia Civil do Maranh\u00e3o deflagrou a segunda fase da Opera\u00e7\u00e3o Dezenas Premiadas, que investiga crimes relacionados \u00e0s rifas ilegais promovidas na cidade de Santa In\u00eas. O alvo principal da a\u00e7\u00e3o \u00e9 o influenciador digital Marcos Filho, apontado como o l\u00edder do esquema criminoso.<\/p>\n<p>De acordo com as autoridades, Marcos Filho organizava a venda irregular de rifas, iludindo os consumidores quanto ao destino dos valores arrecadados. Al\u00e9m disso, h\u00e1 ind\u00edcios de que o esquema envolvia a oculta\u00e7\u00e3o de bens para dificultar a rastreabilidade do dinheiro obtido ilegalmente.<\/p>\n<p>Na ter\u00e7a-feira (11), agentes da pol\u00edcia cumpriram mandados de busca e apreens\u00e3o em dois im\u00f3veis ligados ao investigado. Uma das resid\u00eancias, localizada no bairro Jardim Bras\u00edlia, pertence ao irm\u00e3o de Marcos, que seria um &#8220;laranja&#8221; no esquema. O outro im\u00f3vel, situado em um condom\u00ednio de alto padr\u00e3o \u00e0s margens da BR-316, est\u00e1 registrado em nome do irm\u00e3o, mas seria, na verdade, propriedade de Marcos Filho.<\/p>\n<p>Na primeira fase da opera\u00e7\u00e3o, realizada em dezembro de 2024, a pol\u00edcia apreendeu aproximadamente R$ 12 milh\u00f5es em bens do influenciador, incluindo carros de luxo, motocicletas, um cavalo de ra\u00e7a, um caminh\u00e3o, uma moto aqu\u00e1tica e diversos dispositivos eletr\u00f4nicos.<\/p>\n<p>As investiga\u00e7\u00f5es seguem em andamento para identificar outros envolvidos no esquema e recuperar os recursos obtidos ilegalmente.<\/p>\n","protected":false},"excerpt":{"rendered":"<p>A Pol\u00edcia Civil do Maranh\u00e3o deflagrou a segunda fase da Opera\u00e7\u00e3o Dezenas Premiadas, que investiga crimes relacionados \u00e0s rifas ilegais promovidas na cidade de Santa In\u00eas. O alvo principal da a\u00e7\u00e3o \u00e9 o influenciador digital Marcos Filho, apontado como o l\u00edder do esquema criminoso. De acordo com as autoridades, Marcos Filho organizava a venda irregular [&hellip;]<\/p>\n","protected":false},"author":2,"featured_media":349947,"comment_status":"closed","ping_status":"closed","sticky":false,"template":"","format":"standard","meta":{"_acf_changed":false,"footnotes":""},"categories":[165],"tags":[],"class_list":["post-349946","post","type-post","status-publish","format-standard","has-post-thumbnail","hentry","category-nordeste"],"acf":[],"_links":{"self":[{"href":"https:\/\/www.notibras.com\/site\/wp-json\/wp\/v2\/posts\/349946","targetHints":{"allow":["GET"]}}],"collection":[{"href":"https:\/\/www.notibras.com\/site\/wp-json\/wp\/v2\/posts"}],"about":[{"href":"https:\/\/www.notibras.com\/site\/wp-json\/wp\/v2\/types\/post"}],"author":[{"embeddable":true,"href":"https:\/\/www.notibras.com\/site\/wp-json\/wp\/v2\/users\/2"}],"replies":[{"embeddable":true,"href":"https:\/\/www.notibras.com\/site\/wp-json\/wp\/v2\/comments?post=349946"}],"version-history":[{"count":2,"href":"https:\/\/www.notibras.com\/site\/wp-json\/wp\/v2\/posts\/349946\/revisions"}],"predecessor-version":[{"id":349952,"href":"https:\/\/www.notibras.com\/site\/wp-json\/wp\/v2\/posts\/349946\/revisions\/349952"}],"wp:featuredmedia":[{"embeddable":true,"href":"https:\/\/www.notibras.com\/site\/wp-json\/wp\/v2\/media\/349947"}],"wp:attachment":[{"href":"https:\/\/www.notibras.com\/site\/wp-json\/wp\/v2\/media?parent=349946"}],"wp:term":[{"taxonomy":"category","embeddable":true,"href":"https:\/\/www.notibras.com\/site\/wp-json\/wp\/v2\/categories?post=349946"},{"taxonomy":"post_tag","embeddable":true,"href":"https:\/\/www.notibras.com\/site\/wp-json\/wp\/v2\/tags?post=349946"}],"curies":[{"name":"wp","href":"https:\/\/api.w.org\/{rel}","templated":true}]}}