{"id":349949,"date":"2025-03-12T00:01:14","date_gmt":"2025-03-12T03:01:14","guid":{"rendered":"https:\/\/www.notibras.com\/site\/?p=349949"},"modified":"2025-03-12T07:00:25","modified_gmt":"2025-03-12T10:00:25","slug":"banda-de-forro-demite-cantor-preso-por-suspeita-de-esfaquear-esposa","status":"publish","type":"post","link":"https:\/\/www.notibras.com\/site\/banda-de-forro-demite-cantor-preso-por-suspeita-de-esfaquear-esposa\/","title":{"rendered":"Banda de forr\u00f3 demite cantor preso por suspeita de esfaquear esposa"},"content":{"rendered":"<p>O cantor Francisco Elson Barbosa, integrante da banda Forr\u00f3 Saborear, foi preso em flagrante na noite do domingo (9) sob a suspeita de ter esfaqueado sua companheira, identificada pelas iniciais L.R.E.B., no bairro Itarar\u00e9, Zona Sudeste de Teresina. Na segunda-feira (10), ele obteve liberdade provis\u00f3ria.<\/p>\n<p>Em nota oficial, a banda Forr\u00f3 Saborear lamentou o ocorrido e anunciou a demiss\u00e3o de Francisco Elson. O cantor, por sua vez, se manifestou negando as acusa\u00e7\u00f5es.<\/p>\n<p>A pris\u00e3o aconteceu no local do crime, e o cantor foi autuado por les\u00e3o corporal. Ap\u00f3s passar por audi\u00eancia de cust\u00f3dia, a Justi\u00e7a concedeu sua liberdade provis\u00f3ria mediante o cumprimento de medidas cautelares.<\/p>\n<p>O juiz Alexsandro de Ara\u00fajo Trindade, da Central de Audi\u00eancia de Cust\u00f3dia de Teresina, determinou que o suspeito deve cumprir restri\u00e7\u00f5es para evitar novos incidentes e garantir o cumprimento da lei penal. Entre as medidas impostas est\u00e1 a proibi\u00e7\u00e3o de contato com a v\u00edtima, sua filha e familiares, seja presencialmente ou por qualquer meio de comunica\u00e7\u00e3o. Al\u00e9m disso, Francisco Elson n\u00e3o pode frequentar locais que a v\u00edtima costuma visitar nem se aproximar dela a uma dist\u00e2ncia inferior a 300 metros.<\/p>\n<p>O cantor tamb\u00e9m dever\u00e1 comparecer \u00e0s intima\u00e7\u00f5es judiciais e realizar atendimento psicossocial por chamada de v\u00eddeo na Central Integrada de Alternativas Penais (CIAP). Ele est\u00e1 proibido de deixar Teresina sem autoriza\u00e7\u00e3o, de frequentar bares e estabelecimentos similares, bem como de interagir com a v\u00edtima e seus familiares, inclusive pelas redes sociais.<\/p>\n","protected":false},"excerpt":{"rendered":"<p>O cantor Francisco Elson Barbosa, integrante da banda Forr\u00f3 Saborear, foi preso em flagrante na noite do domingo (9) sob a suspeita de ter esfaqueado sua companheira, identificada pelas iniciais L.R.E.B., no bairro Itarar\u00e9, Zona Sudeste de Teresina. Na segunda-feira (10), ele obteve liberdade provis\u00f3ria. Em nota oficial, a banda Forr\u00f3 Saborear lamentou o ocorrido [&hellip;]<\/p>\n","protected":false},"author":2,"featured_media":349950,"comment_status":"closed","ping_status":"closed","sticky":false,"template":"","format":"standard","meta":{"_acf_changed":false,"footnotes":""},"categories":[165],"tags":[],"class_list":["post-349949","post","type-post","status-publish","format-standard","has-post-thumbnail","hentry","category-nordeste"],"acf":[],"_links":{"self":[{"href":"https:\/\/www.notibras.com\/site\/wp-json\/wp\/v2\/posts\/349949","targetHints":{"allow":["GET"]}}],"collection":[{"href":"https:\/\/www.notibras.com\/site\/wp-json\/wp\/v2\/posts"}],"about":[{"href":"https:\/\/www.notibras.com\/site\/wp-json\/wp\/v2\/types\/post"}],"author":[{"embeddable":true,"href":"https:\/\/www.notibras.com\/site\/wp-json\/wp\/v2\/users\/2"}],"replies":[{"embeddable":true,"href":"https:\/\/www.notibras.com\/site\/wp-json\/wp\/v2\/comments?post=349949"}],"version-history":[{"count":1,"href":"https:\/\/www.notibras.com\/site\/wp-json\/wp\/v2\/posts\/349949\/revisions"}],"predecessor-version":[{"id":349951,"href":"https:\/\/www.notibras.com\/site\/wp-json\/wp\/v2\/posts\/349949\/revisions\/349951"}],"wp:featuredmedia":[{"embeddable":true,"href":"https:\/\/www.notibras.com\/site\/wp-json\/wp\/v2\/media\/349950"}],"wp:attachment":[{"href":"https:\/\/www.notibras.com\/site\/wp-json\/wp\/v2\/media?parent=349949"}],"wp:term":[{"taxonomy":"category","embeddable":true,"href":"https:\/\/www.notibras.com\/site\/wp-json\/wp\/v2\/categories?post=349949"},{"taxonomy":"post_tag","embeddable":true,"href":"https:\/\/www.notibras.com\/site\/wp-json\/wp\/v2\/tags?post=349949"}],"curies":[{"name":"wp","href":"https:\/\/api.w.org\/{rel}","templated":true}]}}