{"id":349953,"date":"2025-03-12T07:16:28","date_gmt":"2025-03-12T10:16:28","guid":{"rendered":"https:\/\/www.notibras.com\/site\/?p=349953"},"modified":"2025-03-12T07:17:53","modified_gmt":"2025-03-12T10:17:53","slug":"juninho-inocente-desconhece-velho-ditado-e-teme-ficar-sem-pao","status":"publish","type":"post","link":"https:\/\/www.notibras.com\/site\/juninho-inocente-desconhece-velho-ditado-e-teme-ficar-sem-pao\/","title":{"rendered":"Juninho, inocente, desconhece velho ditado e teme ficar sem p\u00e3o"},"content":{"rendered":"<p>Fim de semana na vov\u00f3, na Asa Norte, a crian\u00e7ada, entusiasmada, brincava no tapete da sala. Nisso, a campainha tocou, e a dona da casa foi ver quem era.<\/p>\n<p>\u2014 Jana\u00edna, h\u00e1 quanto tempo!<\/p>\n<p>\u2014 Mirtes, que bom que voc\u00ea est\u00e1 em casa.<\/p>\n<p>\u2014 O que foi, mulher?<\/p>\n<p>\u2014 Acabei de cair na cal\u00e7ada.<\/p>\n<p>\u2014 Nossa! Se machucou?<\/p>\n<p>\u2014 Acho que quebrei a padaria.<\/p>\n<p>\u2014 Ih, melhor se sentar aqui na poltrona, que \u00e9 bem macia. Quer uma almofada?<\/p>\n<p>\u2014 N\u00e3o, aqui j\u00e1 t\u00e1 bom. Ah, que al\u00edvio!<\/p>\n<p>\u2014 Fique \u00e0 vontade, que vou passar um caf\u00e9 rapidinho.<\/p>\n<p>\u2014 N\u00e3o precisa, Mirtes.<\/p>\n<p>\u2014 Ah, deixa de bobagem! J\u00e1 faz tanto tempo que n\u00e3o fofocamos.<\/p>\n<p>Enquanto Mirtes preparava o caf\u00e9, Jana\u00edna observava os netos da amiga brincando. N\u00e3o demorou, a anfitri\u00e3 trouxe uma bandeja com bule, duas x\u00edcaras com pires, al\u00e9m do pote com biscoitos amanteigados.<\/p>\n<p>\u2014 Hum, esse caf\u00e9 t\u00e1 cheirando!<\/p>\n<p>\u2014 Mas me conta o que voc\u00ea tem feito da vida?<\/p>\n<p>\u2014 Ah, Mirtes, algumas coisas boas, outras nem tanto.<\/p>\n<p>\u2014 Pois comece pelas nem tanto, que s\u00e3o as melhores.<\/p>\n<p>Quase duas horas de bate-papo, as amigas se despediram. Promessas de novos encontros, talvez at\u00e9 para a semana. Mal fechou a porta, Mirtes observou que o Julinho, de quatro anos, estava com os olhos marejados.<\/p>\n<p>\u2014 Marco Ant\u00f4nio, o que voc\u00ea fez com seu irm\u00e3o?<\/p>\n<p>\u2014 Nada, vov\u00f3.<\/p>\n<p>\u2014 E por que ele t\u00e1 chorando?<\/p>\n<p>\u2014 \u00c9 que ele ficou triste porque a sua amiga quebrou a padaria.<\/p>\n<p>\u2014 Julinho, n\u00e3o fique triste. A Jana\u00edna j\u00e1 est\u00e1 bem.<\/p>\n<p>\u2014 Mas, vov\u00f3, eu queria comer p\u00e3o quentinho amanh\u00e3.<\/p>\n<p>&#8230;&#8230;&#8230;&#8230;&#8230;&#8230;&#8230;&#8230;&#8230;&#8230;..<\/p>\n<p><strong>Eduardo Mart\u00ednez \u00e9 autor do livro 57 Contos e Cr\u00f4nicas por um Autor Muito Velho\u2019<\/strong><\/p>\n<p>Compre aqui\u00a0<span class=\"x19la9d6 x1fc57z9 x6ikm8r x10wlt62 x19co3pv x1g5zs5t xfibh0p xiy17q3 x1xsqp64 x1lkfr7t xexx8yu x4uap5 x18d9i69 xkhd6sd\"><span class=\"xrtxmta x1bhl96m\"><img decoding=\"async\" class=\"emoji\" role=\"img\" draggable=\"false\" src=\"https:\/\/s.w.org\/images\/core\/emoji\/15.0.3\/svg\/1f447-1f3ff.svg\" alt=\"&#x1f447;&#x1f3ff;\" \/><\/span><\/span><\/p>\n<p><a href=\"https:\/\/www.joanineditora.com.br\/57-contos-e-cronicas-por-um-autor-muito-velho\">https:\/\/www.joanineditora.com.br\/57-contos-e-cronicas-por-um-autor-muito-velho<\/a><\/p>\n","protected":false},"excerpt":{"rendered":"<p>Fim de semana na vov\u00f3, na Asa Norte, a crian\u00e7ada, entusiasmada, brincava no tapete da sala. Nisso, a campainha tocou, e a dona da casa foi ver quem era. \u2014 Jana\u00edna, h\u00e1 quanto tempo! \u2014 Mirtes, que bom que voc\u00ea est\u00e1 em casa. \u2014 O que foi, mulher? \u2014 Acabei de cair na cal\u00e7ada. \u2014 [&hellip;]<\/p>\n","protected":false},"author":2,"featured_media":349954,"comment_status":"closed","ping_status":"closed","sticky":false,"template":"","format":"standard","meta":{"_acf_changed":false,"footnotes":""},"categories":[161],"tags":[],"class_list":["post-349953","post","type-post","status-publish","format-standard","has-post-thumbnail","hentry","category-quadradinho-em-foco"],"acf":[],"_links":{"self":[{"href":"https:\/\/www.notibras.com\/site\/wp-json\/wp\/v2\/posts\/349953","targetHints":{"allow":["GET"]}}],"collection":[{"href":"https:\/\/www.notibras.com\/site\/wp-json\/wp\/v2\/posts"}],"about":[{"href":"https:\/\/www.notibras.com\/site\/wp-json\/wp\/v2\/types\/post"}],"author":[{"embeddable":true,"href":"https:\/\/www.notibras.com\/site\/wp-json\/wp\/v2\/users\/2"}],"replies":[{"embeddable":true,"href":"https:\/\/www.notibras.com\/site\/wp-json\/wp\/v2\/comments?post=349953"}],"version-history":[{"count":2,"href":"https:\/\/www.notibras.com\/site\/wp-json\/wp\/v2\/posts\/349953\/revisions"}],"predecessor-version":[{"id":349956,"href":"https:\/\/www.notibras.com\/site\/wp-json\/wp\/v2\/posts\/349953\/revisions\/349956"}],"wp:featuredmedia":[{"embeddable":true,"href":"https:\/\/www.notibras.com\/site\/wp-json\/wp\/v2\/media\/349954"}],"wp:attachment":[{"href":"https:\/\/www.notibras.com\/site\/wp-json\/wp\/v2\/media?parent=349953"}],"wp:term":[{"taxonomy":"category","embeddable":true,"href":"https:\/\/www.notibras.com\/site\/wp-json\/wp\/v2\/categories?post=349953"},{"taxonomy":"post_tag","embeddable":true,"href":"https:\/\/www.notibras.com\/site\/wp-json\/wp\/v2\/tags?post=349953"}],"curies":[{"name":"wp","href":"https:\/\/api.w.org\/{rel}","templated":true}]}}