{"id":349960,"date":"2025-03-12T00:07:48","date_gmt":"2025-03-12T03:07:48","guid":{"rendered":"https:\/\/www.notibras.com\/site\/?p=349960"},"modified":"2025-03-12T07:29:04","modified_gmt":"2025-03-12T10:29:04","slug":"deputados-querem-mais-plantio-de-arvores-no-distrito-federal","status":"publish","type":"post","link":"https:\/\/www.notibras.com\/site\/deputados-querem-mais-plantio-de-arvores-no-distrito-federal\/","title":{"rendered":"Deputados querem mais plantio de \u00e1rvores no Distrito Federal"},"content":{"rendered":"<p>O plantio de \u00e1rvores nas regi\u00f5es administrativas do Distrito Federal foi tema de discursos na tarde desta ter\u00e7a-feira (11), na C\u00e2mara Legislativa. O deputado F\u00e1bio F\u00e9lix (PSOL) chamou a aten\u00e7\u00e3o dos colegas para a disparidade no n\u00famero de mudas de \u00e1rvores plantadas nas diversas regi\u00f5es do DF.<\/p>\n<p>\u201cAno passado fiz um requerimento \u00e0 Novacap para saber como est\u00e1 a planta\u00e7\u00e3o de \u00e1rvores no DF. As tr\u00eas regi\u00f5es que mais receberam \u00e1rvores foram Plano Piloto, Lago Sul e Park Way. Ou seja, as \u00e1reas com menos habitantes foram as que receberam mais \u00e1rvores. A realidade da cidade \u00e9 de desigualdade ambiental. Ontem tivemos o dia mais quente do ano no DF e precisamos de uma pol\u00edtica p\u00fablica de arboriza\u00e7\u00e3o. N\u00e3o d\u00e1 para o Plano Piloto ganhar 8 mil mudas de \u00e1rvores e outras grandes cidades do DF n\u00e3o receberem nada\u201d, reclamou.<\/p>\n<p>O deputado Wellington Luiz (MDB) concordou com a fala do colega e pediu mais aten\u00e7\u00e3o do governo para a quest\u00e3o. \u201cOs dados s\u00e3o preocupantes e sabemos que h\u00e1 regi\u00f5es do DF que necessitam de mais \u00e1rvores\u201d, afirmou. Para o deputado Pastor Daniel de Castro (PP), o plantio de \u00e1rvores \u00e9 uma medida em prol da qualidade de vida. \u201cIsso \u00e9 fundamental para a sa\u00fade das pessoas. A falta de \u00e1rvores em Vicente Pires me preocupa particularmente e venho conversando com o governo para buscarmos uma solu\u00e7\u00e3o\u201d, disse.<\/p>\n","protected":false},"excerpt":{"rendered":"<p>O plantio de \u00e1rvores nas regi\u00f5es administrativas do Distrito Federal foi tema de discursos na tarde desta ter\u00e7a-feira (11), na C\u00e2mara Legislativa. O deputado F\u00e1bio F\u00e9lix (PSOL) chamou a aten\u00e7\u00e3o dos colegas para a disparidade no n\u00famero de mudas de \u00e1rvores plantadas nas diversas regi\u00f5es do DF. \u201cAno passado fiz um requerimento \u00e0 Novacap para [&hellip;]<\/p>\n","protected":false},"author":2,"featured_media":349961,"comment_status":"closed","ping_status":"closed","sticky":false,"template":"","format":"standard","meta":{"_acf_changed":false,"footnotes":""},"categories":[161],"tags":[],"class_list":["post-349960","post","type-post","status-publish","format-standard","has-post-thumbnail","hentry","category-quadradinho-em-foco"],"acf":[],"_links":{"self":[{"href":"https:\/\/www.notibras.com\/site\/wp-json\/wp\/v2\/posts\/349960","targetHints":{"allow":["GET"]}}],"collection":[{"href":"https:\/\/www.notibras.com\/site\/wp-json\/wp\/v2\/posts"}],"about":[{"href":"https:\/\/www.notibras.com\/site\/wp-json\/wp\/v2\/types\/post"}],"author":[{"embeddable":true,"href":"https:\/\/www.notibras.com\/site\/wp-json\/wp\/v2\/users\/2"}],"replies":[{"embeddable":true,"href":"https:\/\/www.notibras.com\/site\/wp-json\/wp\/v2\/comments?post=349960"}],"version-history":[{"count":1,"href":"https:\/\/www.notibras.com\/site\/wp-json\/wp\/v2\/posts\/349960\/revisions"}],"predecessor-version":[{"id":349962,"href":"https:\/\/www.notibras.com\/site\/wp-json\/wp\/v2\/posts\/349960\/revisions\/349962"}],"wp:featuredmedia":[{"embeddable":true,"href":"https:\/\/www.notibras.com\/site\/wp-json\/wp\/v2\/media\/349961"}],"wp:attachment":[{"href":"https:\/\/www.notibras.com\/site\/wp-json\/wp\/v2\/media?parent=349960"}],"wp:term":[{"taxonomy":"category","embeddable":true,"href":"https:\/\/www.notibras.com\/site\/wp-json\/wp\/v2\/categories?post=349960"},{"taxonomy":"post_tag","embeddable":true,"href":"https:\/\/www.notibras.com\/site\/wp-json\/wp\/v2\/tags?post=349960"}],"curies":[{"name":"wp","href":"https:\/\/api.w.org\/{rel}","templated":true}]}}