{"id":349966,"date":"2025-03-12T00:01:45","date_gmt":"2025-03-12T03:01:45","guid":{"rendered":"https:\/\/www.notibras.com\/site\/?p=349966"},"modified":"2025-03-12T07:40:11","modified_gmt":"2025-03-12T10:40:11","slug":"distritais-criticam-a-instalacao-de-termeletrica-na-capital","status":"publish","type":"post","link":"https:\/\/www.notibras.com\/site\/distritais-criticam-a-instalacao-de-termeletrica-na-capital\/","title":{"rendered":"Distritais criticam a instala\u00e7\u00e3o de termel\u00e9trica na capital"},"content":{"rendered":"<p>A poss\u00edvel instala\u00e7\u00e3o de uma usina termel\u00e9trica no Distrito Federal foi criticada nesta ter\u00e7a-feira (11) no plen\u00e1rio da C\u00e2mara Legislativa por deputados distritais. Max Maciel (Psol) alertou para os riscos de agravamento do aquecimento em Bras\u00edlia.<\/p>\n<p>\u201cEsse calor que estamos sentindo hoje \u00e9 uma escolha pol\u00edtica, pois faltam iniciativas verdes. O governo poderia estar investindo em hidrog\u00eanio verde, em mercado de carbono. A usina termel\u00e9trica joga milh\u00f5es de part\u00edculas poluentes na atmosfera, e querem fazer isso construindo uma chamin\u00e9 de 130 metros de altura para jogar fuma\u00e7a 24 horas por dia, a mais de 75 graus. E o maior absurdo \u00e9 que querem desmobilizar uma escola p\u00fablica com 500 crian\u00e7as para viabilizar esta usina\u201d, reclamou.<\/p>\n<p>O deputado Gabriel Magno (PT) tamb\u00e9m recha\u00e7ou a ideia de se trazer a termel\u00e9trica para o Distrito Federal. \u201cEssa usina pode trazer uma s\u00e9rie de impactos negativos sobre os recursos h\u00eddricos e sobre a sa\u00fade p\u00fablica devido ao comprometimento da qualidade de ar. A promessa de cria\u00e7\u00e3o de empregos \u00e9 ileg\u00edtima e irreal. O projeto \u00e9 uma incoer\u00eancia com a pol\u00edtica clim\u00e1tica brasileira. Para al\u00e9m de tudo, o projeto prev\u00ea a demoli\u00e7\u00e3o da Escola Classe Guariroba. Por isso vamos acompanhar todos os debates sobre esse projeto e vamos lutar para que essa usina n\u00e3o venha para o DF\u201d, garantiu.<\/p>\n","protected":false},"excerpt":{"rendered":"<p>A poss\u00edvel instala\u00e7\u00e3o de uma usina termel\u00e9trica no Distrito Federal foi criticada nesta ter\u00e7a-feira (11) no plen\u00e1rio da C\u00e2mara Legislativa por deputados distritais. Max Maciel (Psol) alertou para os riscos de agravamento do aquecimento em Bras\u00edlia. \u201cEsse calor que estamos sentindo hoje \u00e9 uma escolha pol\u00edtica, pois faltam iniciativas verdes. O governo poderia estar investindo [&hellip;]<\/p>\n","protected":false},"author":2,"featured_media":349967,"comment_status":"closed","ping_status":"closed","sticky":false,"template":"","format":"standard","meta":{"_acf_changed":false,"footnotes":""},"categories":[161],"tags":[],"class_list":["post-349966","post","type-post","status-publish","format-standard","has-post-thumbnail","hentry","category-quadradinho-em-foco"],"acf":[],"yoast_head":"<!-- This site is optimized with the Yoast SEO plugin v27.2 - https:\/\/yoast.com\/product\/yoast-seo-wordpress\/ -->\n<title>Distritais criticam a instala\u00e7\u00e3o de termel\u00e9trica na capital - Notibras<\/title>\n<meta name=\"robots\" content=\"index, follow, max-snippet:-1, max-image-preview:large, max-video-preview:-1\" \/>\n<link rel=\"canonical\" href=\"https:\/\/www.notibras.com\/site\/distritais-criticam-a-instalacao-de-termeletrica-na-capital\/\" \/>\n<meta property=\"og:locale\" content=\"pt_BR\" \/>\n<meta property=\"og:type\" content=\"article\" \/>\n<meta property=\"og:title\" content=\"Distritais criticam a instala\u00e7\u00e3o de termel\u00e9trica na capital - Notibras\" \/>\n<meta property=\"og:description\" content=\"A poss\u00edvel instala\u00e7\u00e3o de uma usina termel\u00e9trica no Distrito Federal foi criticada nesta ter\u00e7a-feira (11) no plen\u00e1rio da C\u00e2mara Legislativa por deputados distritais. Max Maciel (Psol) alertou para os riscos de agravamento do aquecimento em Bras\u00edlia. \u201cEsse calor que estamos sentindo hoje \u00e9 uma escolha pol\u00edtica, pois faltam iniciativas verdes. O governo poderia estar investindo [&hellip;]\" \/>\n<meta property=\"og:url\" content=\"https:\/\/www.notibras.com\/site\/distritais-criticam-a-instalacao-de-termeletrica-na-capital\/\" \/>\n<meta property=\"og:site_name\" content=\"Notibras\" \/>\n<meta property=\"article:publisher\" content=\"https:\/\/www.facebook.com\/notibras\/\" \/>\n<meta property=\"article:published_time\" content=\"2025-03-12T03:01:45+00:00\" \/>\n<meta property=\"article:modified_time\" content=\"2025-03-12T10:40:11+00:00\" \/>\n<meta property=\"og:image\" content=\"https:\/\/www.notibras.com\/site\/wp-content\/uploads\/2025\/03\/2512346CC-170.jpg\" \/>\n\t<meta property=\"og:image:width\" content=\"1200\" \/>\n\t<meta property=\"og:image:height\" content=\"800\" \/>\n\t<meta property=\"og:image:type\" content=\"image\/jpeg\" \/>\n<meta name=\"author\" content=\"Reda\u00e7\u00e3o\" \/>\n<meta name=\"twitter:card\" content=\"summary_large_image\" \/>\n<meta name=\"twitter:creator\" content=\"@Notibras\" \/>\n<meta name=\"twitter:site\" content=\"@Notibras\" \/>\n<meta name=\"twitter:label1\" content=\"Escrito por\" \/>\n\t<meta name=\"twitter:data1\" content=\"Reda\u00e7\u00e3o\" \/>\n\t<meta name=\"twitter:label2\" content=\"Est. tempo de leitura\" \/>\n\t<meta name=\"twitter:data2\" content=\"2 minutos\" \/>\n<script type=\"application\/ld+json\" class=\"yoast-schema-graph\">{\"@context\":\"https:\/\/schema.org\",\"@graph\":[{\"@type\":\"Article\",\"@id\":\"https:\/\/www.notibras.com\/site\/distritais-criticam-a-instalacao-de-termeletrica-na-capital\/#article\",\"isPartOf\":{\"@id\":\"https:\/\/www.notibras.com\/site\/distritais-criticam-a-instalacao-de-termeletrica-na-capital\/\"},\"author\":{\"name\":\"Reda\u00e7\u00e3o\",\"@id\":\"https:\/\/www.notibras.com\/site\/#\/schema\/person\/36ab0979449956132d3e5b517ea76ac8\"},\"headline\":\"Distritais criticam a instala\u00e7\u00e3o de termel\u00e9trica na capital\",\"datePublished\":\"2025-03-12T03:01:45+00:00\",\"dateModified\":\"2025-03-12T10:40:11+00:00\",\"mainEntityOfPage\":{\"@id\":\"https:\/\/www.notibras.com\/site\/distritais-criticam-a-instalacao-de-termeletrica-na-capital\/\"},\"wordCount\":245,\"publisher\":{\"@id\":\"https:\/\/www.notibras.com\/site\/#organization\"},\"image\":{\"@id\":\"https:\/\/www.notibras.com\/site\/distritais-criticam-a-instalacao-de-termeletrica-na-capital\/#primaryimage\"},\"thumbnailUrl\":\"https:\/\/www.notibras.com\/site\/wp-content\/uploads\/2025\/03\/2512346CC-170.jpg\",\"articleSection\":[\"Quadradinho em Foco\"],\"inLanguage\":\"pt-BR\"},{\"@type\":\"WebPage\",\"@id\":\"https:\/\/www.notibras.com\/site\/distritais-criticam-a-instalacao-de-termeletrica-na-capital\/\",\"url\":\"https:\/\/www.notibras.com\/site\/distritais-criticam-a-instalacao-de-termeletrica-na-capital\/\",\"name\":\"Distritais criticam a instala\u00e7\u00e3o de termel\u00e9trica na capital - Notibras\",\"isPartOf\":{\"@id\":\"https:\/\/www.notibras.com\/site\/#website\"},\"primaryImageOfPage\":{\"@id\":\"https:\/\/www.notibras.com\/site\/distritais-criticam-a-instalacao-de-termeletrica-na-capital\/#primaryimage\"},\"image\":{\"@id\":\"https:\/\/www.notibras.com\/site\/distritais-criticam-a-instalacao-de-termeletrica-na-capital\/#primaryimage\"},\"thumbnailUrl\":\"https:\/\/www.notibras.com\/site\/wp-content\/uploads\/2025\/03\/2512346CC-170.jpg\",\"datePublished\":\"2025-03-12T03:01:45+00:00\",\"dateModified\":\"2025-03-12T10:40:11+00:00\",\"breadcrumb\":{\"@id\":\"https:\/\/www.notibras.com\/site\/distritais-criticam-a-instalacao-de-termeletrica-na-capital\/#breadcrumb\"},\"inLanguage\":\"pt-BR\",\"potentialAction\":[{\"@type\":\"ReadAction\",\"target\":[\"https:\/\/www.notibras.com\/site\/distritais-criticam-a-instalacao-de-termeletrica-na-capital\/\"]}]},{\"@type\":\"ImageObject\",\"inLanguage\":\"pt-BR\",\"@id\":\"https:\/\/www.notibras.com\/site\/distritais-criticam-a-instalacao-de-termeletrica-na-capital\/#primaryimage\",\"url\":\"https:\/\/www.notibras.com\/site\/wp-content\/uploads\/2025\/03\/2512346CC-170.jpg\",\"contentUrl\":\"https:\/\/www.notibras.com\/site\/wp-content\/uploads\/2025\/03\/2512346CC-170.jpg\",\"width\":1200,\"height\":800,\"caption\":\"Plen\u00e1rio da C\u00e2mara Legislativa do DF durante sess\u00e3o ordin\u00e1ria. Debates pol\u00edticos sobre o Distrito Federal. Cr\u00e9dito: Carolina Curi\/Ag\u00eancia CLDF\"},{\"@type\":\"BreadcrumbList\",\"@id\":\"https:\/\/www.notibras.com\/site\/distritais-criticam-a-instalacao-de-termeletrica-na-capital\/#breadcrumb\",\"itemListElement\":[{\"@type\":\"ListItem\",\"position\":1,\"name\":\"In\u00edcio\",\"item\":\"https:\/\/www.notibras.com\/site\/\"},{\"@type\":\"ListItem\",\"position\":2,\"name\":\"Distritais criticam a instala\u00e7\u00e3o de termel\u00e9trica na capital\"}]},{\"@type\":\"WebSite\",\"@id\":\"https:\/\/www.notibras.com\/site\/#website\",\"url\":\"https:\/\/www.notibras.com\/site\/\",\"name\":\"Notibras\",\"description\":\"Not\u00edcias de Bras\u00edlia, do Brasil e do Mundo\",\"publisher\":{\"@id\":\"https:\/\/www.notibras.com\/site\/#organization\"},\"potentialAction\":[{\"@type\":\"SearchAction\",\"target\":{\"@type\":\"EntryPoint\",\"urlTemplate\":\"https:\/\/www.notibras.com\/site\/?s={search_term_string}\"},\"query-input\":{\"@type\":\"PropertyValueSpecification\",\"valueRequired\":true,\"valueName\":\"search_term_string\"}}],\"inLanguage\":\"pt-BR\"},{\"@type\":\"Organization\",\"@id\":\"https:\/\/www.notibras.com\/site\/#organization\",\"name\":\"Grupo Notibras de Comunica\u00e7\u00e3o\",\"url\":\"https:\/\/www.notibras.com\/site\/\",\"logo\":{\"@type\":\"ImageObject\",\"inLanguage\":\"pt-BR\",\"@id\":\"https:\/\/www.notibras.com\/site\/#\/schema\/logo\/image\/\",\"url\":\"https:\/\/www.notibras.com\/site\/wp-content\/uploads\/2023\/01\/notibras23.png\",\"contentUrl\":\"https:\/\/www.notibras.com\/site\/wp-content\/uploads\/2023\/01\/notibras23.png\",\"width\":350,\"height\":87,\"caption\":\"Grupo Notibras de Comunica\u00e7\u00e3o\"},\"image\":{\"@id\":\"https:\/\/www.notibras.com\/site\/#\/schema\/logo\/image\/\"},\"sameAs\":[\"https:\/\/www.facebook.com\/notibras\/\",\"https:\/\/x.com\/Notibras\",\"https:\/\/www.instagram.com\/notibras\/\"]},{\"@type\":\"Person\",\"@id\":\"https:\/\/www.notibras.com\/site\/#\/schema\/person\/36ab0979449956132d3e5b517ea76ac8\",\"name\":\"Reda\u00e7\u00e3o\",\"image\":{\"@type\":\"ImageObject\",\"inLanguage\":\"pt-BR\",\"@id\":\"https:\/\/secure.gravatar.com\/avatar\/e0a867bdedb85fd243eadf09663511f96fc81e0720a4a42581f334ad4303aa6b?s=96&d=mm&r=g\",\"url\":\"https:\/\/secure.gravatar.com\/avatar\/e0a867bdedb85fd243eadf09663511f96fc81e0720a4a42581f334ad4303aa6b?s=96&d=mm&r=g\",\"contentUrl\":\"https:\/\/secure.gravatar.com\/avatar\/e0a867bdedb85fd243eadf09663511f96fc81e0720a4a42581f334ad4303aa6b?s=96&d=mm&r=g\",\"caption\":\"Reda\u00e7\u00e3o\"}}]}<\/script>\n<!-- \/ Yoast SEO plugin. -->","yoast_head_json":{"title":"Distritais criticam a instala\u00e7\u00e3o de termel\u00e9trica na capital - Notibras","robots":{"index":"index","follow":"follow","max-snippet":"max-snippet:-1","max-image-preview":"max-image-preview:large","max-video-preview":"max-video-preview:-1"},"canonical":"https:\/\/www.notibras.com\/site\/distritais-criticam-a-instalacao-de-termeletrica-na-capital\/","og_locale":"pt_BR","og_type":"article","og_title":"Distritais criticam a instala\u00e7\u00e3o de termel\u00e9trica na capital - Notibras","og_description":"A poss\u00edvel instala\u00e7\u00e3o de uma usina termel\u00e9trica no Distrito Federal foi criticada nesta ter\u00e7a-feira (11) no plen\u00e1rio da C\u00e2mara Legislativa por deputados distritais. Max Maciel (Psol) alertou para os riscos de agravamento do aquecimento em Bras\u00edlia. \u201cEsse calor que estamos sentindo hoje \u00e9 uma escolha pol\u00edtica, pois faltam iniciativas verdes. O governo poderia estar investindo [&hellip;]","og_url":"https:\/\/www.notibras.com\/site\/distritais-criticam-a-instalacao-de-termeletrica-na-capital\/","og_site_name":"Notibras","article_publisher":"https:\/\/www.facebook.com\/notibras\/","article_published_time":"2025-03-12T03:01:45+00:00","article_modified_time":"2025-03-12T10:40:11+00:00","og_image":[{"width":1200,"height":800,"url":"https:\/\/www.notibras.com\/site\/wp-content\/uploads\/2025\/03\/2512346CC-170.jpg","type":"image\/jpeg"}],"author":"Reda\u00e7\u00e3o","twitter_card":"summary_large_image","twitter_creator":"@Notibras","twitter_site":"@Notibras","twitter_misc":{"Escrito por":"Reda\u00e7\u00e3o","Est. tempo de leitura":"2 minutos"},"schema":{"@context":"https:\/\/schema.org","@graph":[{"@type":"Article","@id":"https:\/\/www.notibras.com\/site\/distritais-criticam-a-instalacao-de-termeletrica-na-capital\/#article","isPartOf":{"@id":"https:\/\/www.notibras.com\/site\/distritais-criticam-a-instalacao-de-termeletrica-na-capital\/"},"author":{"name":"Reda\u00e7\u00e3o","@id":"https:\/\/www.notibras.com\/site\/#\/schema\/person\/36ab0979449956132d3e5b517ea76ac8"},"headline":"Distritais criticam a instala\u00e7\u00e3o de termel\u00e9trica na capital","datePublished":"2025-03-12T03:01:45+00:00","dateModified":"2025-03-12T10:40:11+00:00","mainEntityOfPage":{"@id":"https:\/\/www.notibras.com\/site\/distritais-criticam-a-instalacao-de-termeletrica-na-capital\/"},"wordCount":245,"publisher":{"@id":"https:\/\/www.notibras.com\/site\/#organization"},"image":{"@id":"https:\/\/www.notibras.com\/site\/distritais-criticam-a-instalacao-de-termeletrica-na-capital\/#primaryimage"},"thumbnailUrl":"https:\/\/www.notibras.com\/site\/wp-content\/uploads\/2025\/03\/2512346CC-170.jpg","articleSection":["Quadradinho em Foco"],"inLanguage":"pt-BR"},{"@type":"WebPage","@id":"https:\/\/www.notibras.com\/site\/distritais-criticam-a-instalacao-de-termeletrica-na-capital\/","url":"https:\/\/www.notibras.com\/site\/distritais-criticam-a-instalacao-de-termeletrica-na-capital\/","name":"Distritais criticam a instala\u00e7\u00e3o de termel\u00e9trica na capital - Notibras","isPartOf":{"@id":"https:\/\/www.notibras.com\/site\/#website"},"primaryImageOfPage":{"@id":"https:\/\/www.notibras.com\/site\/distritais-criticam-a-instalacao-de-termeletrica-na-capital\/#primaryimage"},"image":{"@id":"https:\/\/www.notibras.com\/site\/distritais-criticam-a-instalacao-de-termeletrica-na-capital\/#primaryimage"},"thumbnailUrl":"https:\/\/www.notibras.com\/site\/wp-content\/uploads\/2025\/03\/2512346CC-170.jpg","datePublished":"2025-03-12T03:01:45+00:00","dateModified":"2025-03-12T10:40:11+00:00","breadcrumb":{"@id":"https:\/\/www.notibras.com\/site\/distritais-criticam-a-instalacao-de-termeletrica-na-capital\/#breadcrumb"},"inLanguage":"pt-BR","potentialAction":[{"@type":"ReadAction","target":["https:\/\/www.notibras.com\/site\/distritais-criticam-a-instalacao-de-termeletrica-na-capital\/"]}]},{"@type":"ImageObject","inLanguage":"pt-BR","@id":"https:\/\/www.notibras.com\/site\/distritais-criticam-a-instalacao-de-termeletrica-na-capital\/#primaryimage","url":"https:\/\/www.notibras.com\/site\/wp-content\/uploads\/2025\/03\/2512346CC-170.jpg","contentUrl":"https:\/\/www.notibras.com\/site\/wp-content\/uploads\/2025\/03\/2512346CC-170.jpg","width":1200,"height":800,"caption":"Plen\u00e1rio da C\u00e2mara Legislativa do DF durante sess\u00e3o ordin\u00e1ria. Debates pol\u00edticos sobre o Distrito Federal. Cr\u00e9dito: Carolina Curi\/Ag\u00eancia CLDF"},{"@type":"BreadcrumbList","@id":"https:\/\/www.notibras.com\/site\/distritais-criticam-a-instalacao-de-termeletrica-na-capital\/#breadcrumb","itemListElement":[{"@type":"ListItem","position":1,"name":"In\u00edcio","item":"https:\/\/www.notibras.com\/site\/"},{"@type":"ListItem","position":2,"name":"Distritais criticam a instala\u00e7\u00e3o de termel\u00e9trica na capital"}]},{"@type":"WebSite","@id":"https:\/\/www.notibras.com\/site\/#website","url":"https:\/\/www.notibras.com\/site\/","name":"Notibras","description":"Not\u00edcias de Bras\u00edlia, do Brasil e do Mundo","publisher":{"@id":"https:\/\/www.notibras.com\/site\/#organization"},"potentialAction":[{"@type":"SearchAction","target":{"@type":"EntryPoint","urlTemplate":"https:\/\/www.notibras.com\/site\/?s={search_term_string}"},"query-input":{"@type":"PropertyValueSpecification","valueRequired":true,"valueName":"search_term_string"}}],"inLanguage":"pt-BR"},{"@type":"Organization","@id":"https:\/\/www.notibras.com\/site\/#organization","name":"Grupo Notibras de Comunica\u00e7\u00e3o","url":"https:\/\/www.notibras.com\/site\/","logo":{"@type":"ImageObject","inLanguage":"pt-BR","@id":"https:\/\/www.notibras.com\/site\/#\/schema\/logo\/image\/","url":"https:\/\/www.notibras.com\/site\/wp-content\/uploads\/2023\/01\/notibras23.png","contentUrl":"https:\/\/www.notibras.com\/site\/wp-content\/uploads\/2023\/01\/notibras23.png","width":350,"height":87,"caption":"Grupo Notibras de Comunica\u00e7\u00e3o"},"image":{"@id":"https:\/\/www.notibras.com\/site\/#\/schema\/logo\/image\/"},"sameAs":["https:\/\/www.facebook.com\/notibras\/","https:\/\/x.com\/Notibras","https:\/\/www.instagram.com\/notibras\/"]},{"@type":"Person","@id":"https:\/\/www.notibras.com\/site\/#\/schema\/person\/36ab0979449956132d3e5b517ea76ac8","name":"Reda\u00e7\u00e3o","image":{"@type":"ImageObject","inLanguage":"pt-BR","@id":"https:\/\/secure.gravatar.com\/avatar\/e0a867bdedb85fd243eadf09663511f96fc81e0720a4a42581f334ad4303aa6b?s=96&d=mm&r=g","url":"https:\/\/secure.gravatar.com\/avatar\/e0a867bdedb85fd243eadf09663511f96fc81e0720a4a42581f334ad4303aa6b?s=96&d=mm&r=g","contentUrl":"https:\/\/secure.gravatar.com\/avatar\/e0a867bdedb85fd243eadf09663511f96fc81e0720a4a42581f334ad4303aa6b?s=96&d=mm&r=g","caption":"Reda\u00e7\u00e3o"}}]}},"amp_enabled":true,"_links":{"self":[{"href":"https:\/\/www.notibras.com\/site\/wp-json\/wp\/v2\/posts\/349966","targetHints":{"allow":["GET"]}}],"collection":[{"href":"https:\/\/www.notibras.com\/site\/wp-json\/wp\/v2\/posts"}],"about":[{"href":"https:\/\/www.notibras.com\/site\/wp-json\/wp\/v2\/types\/post"}],"author":[{"embeddable":true,"href":"https:\/\/www.notibras.com\/site\/wp-json\/wp\/v2\/users\/2"}],"replies":[{"embeddable":true,"href":"https:\/\/www.notibras.com\/site\/wp-json\/wp\/v2\/comments?post=349966"}],"version-history":[{"count":1,"href":"https:\/\/www.notibras.com\/site\/wp-json\/wp\/v2\/posts\/349966\/revisions"}],"predecessor-version":[{"id":349968,"href":"https:\/\/www.notibras.com\/site\/wp-json\/wp\/v2\/posts\/349966\/revisions\/349968"}],"wp:featuredmedia":[{"embeddable":true,"href":"https:\/\/www.notibras.com\/site\/wp-json\/wp\/v2\/media\/349967"}],"wp:attachment":[{"href":"https:\/\/www.notibras.com\/site\/wp-json\/wp\/v2\/media?parent=349966"}],"wp:term":[{"taxonomy":"category","embeddable":true,"href":"https:\/\/www.notibras.com\/site\/wp-json\/wp\/v2\/categories?post=349966"},{"taxonomy":"post_tag","embeddable":true,"href":"https:\/\/www.notibras.com\/site\/wp-json\/wp\/v2\/tags?post=349966"}],"curies":[{"name":"wp","href":"https:\/\/api.w.org\/{rel}","templated":true}]}}