{"id":349969,"date":"2025-03-12T00:00:35","date_gmt":"2025-03-12T03:00:35","guid":{"rendered":"https:\/\/www.notibras.com\/site\/?p=349969"},"modified":"2025-03-12T08:05:37","modified_gmt":"2025-03-12T11:05:37","slug":"publico-alvo-tem-reforco-na-vacinacao-contra-covid-19","status":"publish","type":"post","link":"https:\/\/www.notibras.com\/site\/publico-alvo-tem-reforco-na-vacinacao-contra-covid-19\/","title":{"rendered":"P\u00fablico-alvo tem refor\u00e7o na vacina\u00e7\u00e3o contra covid-19"},"content":{"rendered":"<p>A Secretaria de Sa\u00fade est\u00e1 refor\u00e7ando a vacina\u00e7\u00e3o contra covid-19, com mais de 100 salas de vacina\u00e7\u00e3o em funcionamento na capital. Desde 2024, seguindo diretrizes do Minist\u00e9rio da Sa\u00fade, a vacina\u00e7\u00e3o contra covid-19 passou a ser exclusiva para grupos espec\u00edficos: crian\u00e7as de 6 meses a 4 anos, 11 meses e 29 dias; idosos a partir dos 60 anos; gestantes; e grupos especiais, como pu\u00e9rperas, ribeirinhos, quilombolas, trabalhadores da \u00e1rea de sa\u00fade, pessoas com comorbidades, pessoas privadas de liberdade, pessoas em situa\u00e7\u00e3o de rua e pessoas com defici\u00eancias permanentes, entre outros.<\/p>\n<p>\u201cSeguimos acompanhando os dados e refor\u00e7ando a relev\u00e2ncia da imuniza\u00e7\u00e3o como principal medida de prote\u00e7\u00e3o. \u00c9 essencial que as pessoas busquem as unidades de sa\u00fade e completem o esquema vacinal\u201d, destaca a gerente de Vigil\u00e2ncia das Doen\u00e7as Imunopreven\u00edveis e de Transmiss\u00e3o H\u00eddrica e Alimentar (Gevitha) da SES-DF, Renata Brand\u00e3o.<\/p>\n<p>\u201cAs pessoas viajaram, participaram de festas e estiveram em grandes aglomera\u00e7\u00f5es. Al\u00e9m disso, observamos um aumento na procura por atendimento devido a s\u00edndromes gripais. A covid-19 continua em circula\u00e7\u00e3o, assim como os demais v\u00edrus respirat\u00f3rios\u201d, explica.<\/p>\n<p><strong>Vacina\u00e7\u00e3o<\/strong><br \/>\nDe 1\u00ba de janeiro a 7 de mar\u00e7o deste ano, foram aplicadas 33 mil doses da vacina contra a covid-19 no DF. S\u00e3o mais de 100 salas de vacina\u00e7\u00e3o em funcionamento nos dias \u00fateis e a Secretaria de Sa\u00fade realiza a\u00e7\u00f5es aos fins de semana, incluindo atividades em escolas, o Carro da Vacina e o envio de equipes da pasta para locais de grande circula\u00e7\u00e3o de pessoas. Atualmente, h\u00e1 cerca de 23 mil doses dispon\u00edveis.<\/p>\n<p>A gerente da Rede de Frio da Secretaria de Sa\u00fade, Tereza Luiza Pereira, destaca que o Distrito Federal tem servidores treinados para aplica\u00e7\u00e3o das vacinas e um sistema log\u00edstico eficiente para garantir o abastecimento, a partir das doses enviadas pelo Minist\u00e9rio da Sa\u00fade. Contudo, as pessoas dos grupos priorit\u00e1rios precisam comparecer \u00e0s salas de vacina\u00e7\u00e3o. \u201cA covid-19 ainda representa um risco, podendo causar complica\u00e7\u00f5es graves, como a s\u00edndrome inflamat\u00f3ria multissist\u00eamica e condi\u00e7\u00f5es p\u00f3s-covid\u201d, alerta.<\/p>\n","protected":false},"excerpt":{"rendered":"<p>A Secretaria de Sa\u00fade est\u00e1 refor\u00e7ando a vacina\u00e7\u00e3o contra covid-19, com mais de 100 salas de vacina\u00e7\u00e3o em funcionamento na capital. Desde 2024, seguindo diretrizes do Minist\u00e9rio da Sa\u00fade, a vacina\u00e7\u00e3o contra covid-19 passou a ser exclusiva para grupos espec\u00edficos: crian\u00e7as de 6 meses a 4 anos, 11 meses e 29 dias; idosos a partir [&hellip;]<\/p>\n","protected":false},"author":2,"featured_media":349970,"comment_status":"closed","ping_status":"closed","sticky":false,"template":"","format":"standard","meta":{"_acf_changed":false,"footnotes":""},"categories":[161],"tags":[],"class_list":["post-349969","post","type-post","status-publish","format-standard","has-post-thumbnail","hentry","category-quadradinho-em-foco"],"acf":[],"_links":{"self":[{"href":"https:\/\/www.notibras.com\/site\/wp-json\/wp\/v2\/posts\/349969","targetHints":{"allow":["GET"]}}],"collection":[{"href":"https:\/\/www.notibras.com\/site\/wp-json\/wp\/v2\/posts"}],"about":[{"href":"https:\/\/www.notibras.com\/site\/wp-json\/wp\/v2\/types\/post"}],"author":[{"embeddable":true,"href":"https:\/\/www.notibras.com\/site\/wp-json\/wp\/v2\/users\/2"}],"replies":[{"embeddable":true,"href":"https:\/\/www.notibras.com\/site\/wp-json\/wp\/v2\/comments?post=349969"}],"version-history":[{"count":1,"href":"https:\/\/www.notibras.com\/site\/wp-json\/wp\/v2\/posts\/349969\/revisions"}],"predecessor-version":[{"id":349971,"href":"https:\/\/www.notibras.com\/site\/wp-json\/wp\/v2\/posts\/349969\/revisions\/349971"}],"wp:featuredmedia":[{"embeddable":true,"href":"https:\/\/www.notibras.com\/site\/wp-json\/wp\/v2\/media\/349970"}],"wp:attachment":[{"href":"https:\/\/www.notibras.com\/site\/wp-json\/wp\/v2\/media?parent=349969"}],"wp:term":[{"taxonomy":"category","embeddable":true,"href":"https:\/\/www.notibras.com\/site\/wp-json\/wp\/v2\/categories?post=349969"},{"taxonomy":"post_tag","embeddable":true,"href":"https:\/\/www.notibras.com\/site\/wp-json\/wp\/v2\/tags?post=349969"}],"curies":[{"name":"wp","href":"https:\/\/api.w.org\/{rel}","templated":true}]}}