{"id":349994,"date":"2025-03-12T16:33:11","date_gmt":"2025-03-12T19:33:11","guid":{"rendered":"https:\/\/www.notibras.com\/site\/?p=349994"},"modified":"2025-03-12T16:33:11","modified_gmt":"2025-03-12T19:33:11","slug":"raquel-troca-psdb-por-psd-de-kassab-mas-mantem-ninho-tucano-sob-controle","status":"publish","type":"post","link":"https:\/\/www.notibras.com\/site\/raquel-troca-psdb-por-psd-de-kassab-mas-mantem-ninho-tucano-sob-controle\/","title":{"rendered":"Raquel troca PSDB por PSD de Kassab mas mant\u00e9m ninho tucano sob controle"},"content":{"rendered":"<p>Continua repercutindo favoravelmente nos meios pol\u00edticos de Pernambuco a ida de Raquel Lyra para o PSD, de Gilberto Kassab. A governadora, embora em nova legenda, manteve sob controle o ninho tucano, que acabou de deixar, confiando o comando do partido \u00e0 sua vice, Priscilla Krause, que deixou, por sua vez, o Cidadania. Raquel Lyra espera levar com ela os 33 prefeitos que elegeu no ano passado. Se conseguir alcan\u00e7ar esse objetivo, seu projeto d reelei\u00e7\u00e3o em 2026 estar\u00e1 facilitado.<\/p>\n<p>A governadora busca manter o controle do PSDB em Pernambuco para evitar que o presidente do diret\u00f3rio estadual Fred Loyo perca o comando do partido para um opositor, como o presidente da Assembleia Legislativa, \u00c1lvaro Porto, advers\u00e1rio dela e aliado do prefeito Jo\u00e3o Campos (PSB), principal pretendente \u00e0 cadeira mais alto do Pal\u00e1cio do Campo das Princesas, no pr\u00f3ximo ano.<\/p>\n<p>Prestigiada pela presen\u00e7a do presidente nacional do PSD, Gilberto Kassab, Raquel Lyra fez quest\u00e3o de estar rodeada de familiares, amigos e aliados de primeira hora na festa da troca de legenda. Estiveram ao seu lado, por exemplo, seus pais e o filho ca\u00e7ula, sua vice Priscila Krause, o ex-governador Gustavo Krause, a prefeita de Olinda, Mirella Almeida (PSD) e o ex-secret\u00e1rio estadual de Turismo, Daniel Coelho (PSD). O ex-governador Jo\u00e3o Lyra, inclusive, tamb\u00e9m se filiou ao PSD no evento, a convite de Kassab.<\/p>\n<p>Al\u00e9m de Kassab, o novo partido da governadora esteve representado em peso por suas lideran\u00e7as nacionais, como os ministros Andr\u00e9 de Paula (Pesca e Aquicultura) e Alexandre Silveira (Minas e Energia), as senadoras Eliziane Gama (PSD-MA), Zenaide Maia (PSD-RN), Jussara Lima (PSD-PI) e o senador Lucas Barreto (PSD-AP), que discursaram no evento.<\/p>\n<p>O presidente estadual do Partido Liberal, Anderson Ferreira, que foi advers\u00e1rio de Raquel Lyra no pleito que a elegeu, h\u00e1 dois anos, e que dever\u00e1 novamente ser candidato ao cargo da governadora no ano que vem, compareceu \u00e0 solenidade, discursou se derretendo em elogios \u00e0 governadora, e abriu especula\u00e7\u00f5es de que sua ala pode refor\u00e7ar seu distanciamento com a ala mais alinhada com Jair Bolsonaro, liderada pelo ex-ministro Gilson Machado Filho, fiel escudeiro do ex-presidente.<\/p>\n<p>Com uma apari\u00e7\u00e3o discreta na solenidade, o ex-prefeito do Recife e deputado estadual Jo\u00e3o Paulo (PT), optou por um pronunciamento da tribuna da Assembleia Legislativa para afirmar que o ato de filia\u00e7\u00e3o da governadora Raquel Lyra ao PSD provocou um abalo no projeto do prefeito Jo\u00e3o Campos, de se candidatar ao governo de Pernambuco. Prov\u00e1vel companheiro na chapa de reelei\u00e7\u00e3o da governadora, ele afirmou que &#8220;Raquel entra na \u00e1rea de intercess\u00e3o do presidente Lula e a pol\u00edtica \u00e9 muito din\u00e2mica. Vamos ver muita mudan\u00e7a at\u00e9 l\u00e1\u201c.<\/p>\n<p><strong>Conselho Metropolitano<\/strong><br \/>\nPara fustigar Jo\u00e3o Campos em seu terreiro, onde suas perspectivas eleitorais s\u00e3o muito baixas, a governador tamb\u00e9m decidiu reabilitar o Conselho Metropolitano, \u00f3rg\u00e3o deliberativo de pol\u00edticas p\u00fablicas que re\u00fane os 14 munic\u00edpios da Regi\u00e3o Metropolitana do Recife paralisado h\u00e1 quase uma d\u00e9cada. Em uma primeira reuni\u00e3o j\u00e1 reuniu na ter\u00e7a-feira doze prefeitos quando estendeu o bra\u00e7o do estado para a solu\u00e7\u00e3o de problemas comuns em educa\u00e7\u00e3o, sa\u00fade, transporte e infraestrutura.<\/p>\n<p>Jo\u00e3o Campos, que participou da reuni\u00e3o, no Pal\u00e1cio do Campo das Princesas, disse que espera por a\u00e7\u00f5es concretas, a partir do di\u00e1logo entre o Governo do Estado e os demais munic\u00edpios da RMR. \u201c\u00c9 importante discutir com as cidades metropolitanas, com a presen\u00e7a do Governo do Estado, os problemas e os desafios que s\u00e3o muito parecidos. Espero que possam haver desdobramentos com a\u00e7\u00f5es concretas. O Recife se coloca \u00e0 disposi\u00e7\u00e3o&#8221;, disse.<\/p>\n","protected":false},"excerpt":{"rendered":"<p>Continua repercutindo favoravelmente nos meios pol\u00edticos de Pernambuco a ida de Raquel Lyra para o PSD, de Gilberto Kassab. A governadora, embora em nova legenda, manteve sob controle o ninho tucano, que acabou de deixar, confiando o comando do partido \u00e0 sua vice, Priscilla Krause, que deixou, por sua vez, o Cidadania. Raquel Lyra espera [&hellip;]<\/p>\n","protected":false},"author":2,"featured_media":349995,"comment_status":"closed","ping_status":"closed","sticky":false,"template":"","format":"standard","meta":{"_acf_changed":false,"footnotes":""},"categories":[165],"tags":[],"class_list":["post-349994","post","type-post","status-publish","format-standard","has-post-thumbnail","hentry","category-nordeste"],"acf":[],"_links":{"self":[{"href":"https:\/\/www.notibras.com\/site\/wp-json\/wp\/v2\/posts\/349994","targetHints":{"allow":["GET"]}}],"collection":[{"href":"https:\/\/www.notibras.com\/site\/wp-json\/wp\/v2\/posts"}],"about":[{"href":"https:\/\/www.notibras.com\/site\/wp-json\/wp\/v2\/types\/post"}],"author":[{"embeddable":true,"href":"https:\/\/www.notibras.com\/site\/wp-json\/wp\/v2\/users\/2"}],"replies":[{"embeddable":true,"href":"https:\/\/www.notibras.com\/site\/wp-json\/wp\/v2\/comments?post=349994"}],"version-history":[{"count":1,"href":"https:\/\/www.notibras.com\/site\/wp-json\/wp\/v2\/posts\/349994\/revisions"}],"predecessor-version":[{"id":349996,"href":"https:\/\/www.notibras.com\/site\/wp-json\/wp\/v2\/posts\/349994\/revisions\/349996"}],"wp:featuredmedia":[{"embeddable":true,"href":"https:\/\/www.notibras.com\/site\/wp-json\/wp\/v2\/media\/349995"}],"wp:attachment":[{"href":"https:\/\/www.notibras.com\/site\/wp-json\/wp\/v2\/media?parent=349994"}],"wp:term":[{"taxonomy":"category","embeddable":true,"href":"https:\/\/www.notibras.com\/site\/wp-json\/wp\/v2\/categories?post=349994"},{"taxonomy":"post_tag","embeddable":true,"href":"https:\/\/www.notibras.com\/site\/wp-json\/wp\/v2\/tags?post=349994"}],"curies":[{"name":"wp","href":"https:\/\/api.w.org\/{rel}","templated":true}]}}