{"id":350006,"date":"2025-03-13T03:28:36","date_gmt":"2025-03-13T06:28:36","guid":{"rendered":"https:\/\/www.notibras.com\/site\/?p=350006"},"modified":"2025-03-13T03:32:00","modified_gmt":"2025-03-13T06:32:00","slug":"mortalidade-infantil-desafia-politicas-publicas-da-uniao-e-dos-estados-no-nordeste","status":"publish","type":"post","link":"https:\/\/www.notibras.com\/site\/mortalidade-infantil-desafia-politicas-publicas-da-uniao-e-dos-estados-no-nordeste\/","title":{"rendered":"Mortalidade infantil desafia pol\u00edticas p\u00fablicas da Uni\u00e3o e dos Estados no Nordeste"},"content":{"rendered":"<p>Nas viagens que fa\u00e7o pela vastid\u00e3o do Nordeste brasileiro, onde o calor do sol parece tocar cada peda\u00e7o de terra com sua intensidade, observo que a realidade da mortalidade infantil \u00e9 um reflexo das desigualdades que ainda marcam a regi\u00e3o. A taxa de mortalidade infantil, que aponta o n\u00famero de \u00f3bitos de crian\u00e7as menores de 1 ano para cada mil nascimentos, continua sendo um dos maiores desafios enfrentados pelas fam\u00edlias nordestinas, apesar de avan\u00e7os em diversos setores da sa\u00fade e da educa\u00e7\u00e3o.<\/p>\n<p>Em muitas dessas cidades, a inf\u00e2ncia \u00e9 uma fase marcada pela luta constante pela sobreviv\u00eancia. A falta de acesso a cuidados m\u00e9dicos adequados, a pobreza e a precariedade das condi\u00e7\u00f5es de saneamento b\u00e1sico, somados a uma escassez de pol\u00edticas p\u00fablicas efetivas e de infraestrutura, fazem com que a mortalidade infantil se torne um indicador doloroso de que ainda h\u00e1 muito a ser feito.<\/p>\n<p><strong>Impacto da pobreza<\/strong><br \/>\nA pobreza \u00e9, sem d\u00favida, um dos maiores vil\u00f5es quando se trata da mortalidade infantil. No Nordeste, o \u00edndice de pobreza extrema ainda \u00e9 alarmante, e muitas fam\u00edlias vivem sem acesso a uma alimenta\u00e7\u00e3o saud\u00e1vel e sem os cuidados m\u00e9dicos necess\u00e1rios. Em \u00e1reas mais remotas, onde a medicina de qualidade est\u00e1 distante, a falta de hospitais adequados e de profissionais especializados faz com que um simples problema de sa\u00fade em um rec\u00e9m-nascido possa se transformar em uma trag\u00e9dia.<\/p>\n<p>A mortalidade infantil, por vezes, \u00e9 resultado direto da falta de acompanhamento pr\u00e9-natal adequado, da falta de vacina\u00e7\u00e3o e da escassez de m\u00e9dicos em locais mais afastados. As m\u00e3es, muitas vezes jovens e sem condi\u00e7\u00f5es financeiras, enfrentam uma s\u00e9rie de dificuldades para garantir que suas crian\u00e7as sobrevivam. Nesses casos, a morte de uma crian\u00e7a n\u00e3o \u00e9 apenas uma trag\u00e9dia pessoal, mas um reflexo das falhas estruturais que ainda permeiam a regi\u00e3o.<\/p>\n<p><strong>Avan\u00e7os e desafios<\/strong><br \/>\nNos \u00faltimos anos, algumas cidades nordestinas t\u00eam dado passos importantes para melhorar a qualidade de vida de suas popula\u00e7\u00f5es, incluindo a redu\u00e7\u00e3o das taxas de mortalidade infantil. Programas de vacina\u00e7\u00e3o, acesso ao pr\u00e9-natal, amplia\u00e7\u00e3o da rede de sa\u00fade e a\u00e7\u00f5es de saneamento b\u00e1sico t\u00eam contribu\u00eddo para avan\u00e7os significativos.<\/p>\n<p>No entanto, os desafios persistem. A falta de investimentos em \u00e1reas cr\u00edticas como a sa\u00fade e a educa\u00e7\u00e3o, a migra\u00e7\u00e3o de profissionais da sa\u00fade para centros urbanos e a desigualdade social continuam a amea\u00e7ar os avan\u00e7os conquistados. A sensa\u00e7\u00e3o \u00e9 de que, apesar dos esfor\u00e7os, a luta contra a mortalidade infantil no Nordeste ainda \u00e9 um jogo de resist\u00eancia.<\/p>\n<p><strong>O futuro <\/strong><br \/>\nAo olhar para o futuro, a redu\u00e7\u00e3o da mortalidade infantil no Nordeste depende, mais do que nunca, de uma a\u00e7\u00e3o integrada entre governo, sociedade civil e profissionais da sa\u00fade. A garantia de melhores condi\u00e7\u00f5es de vida, o fortalecimento dos programas de sa\u00fade p\u00fablica, o combate \u00e0 pobreza e a amplia\u00e7\u00e3o do acesso \u00e0 educa\u00e7\u00e3o s\u00e3o passos fundamentais para um amanh\u00e3 onde as crian\u00e7as nordestinas tenham mais chances de viver.<\/p>\n<p>Enquanto isso, as m\u00e3es nordestinas seguem, muitas vezes, com a esperan\u00e7a de que, no fim, o calor do sol e o sorriso dos seus filhos sejam testemunhos de uma luta que vale a pena, mas que, ao mesmo tempo, exige mais do que simples promessas: exige a\u00e7\u00e3o.<\/p>\n","protected":false},"excerpt":{"rendered":"<p>Nas viagens que fa\u00e7o pela vastid\u00e3o do Nordeste brasileiro, onde o calor do sol parece tocar cada peda\u00e7o de terra com sua intensidade, observo que a realidade da mortalidade infantil \u00e9 um reflexo das desigualdades que ainda marcam a regi\u00e3o. A taxa de mortalidade infantil, que aponta o n\u00famero de \u00f3bitos de crian\u00e7as menores de [&hellip;]<\/p>\n","protected":false},"author":2,"featured_media":350007,"comment_status":"closed","ping_status":"closed","sticky":false,"template":"","format":"standard","meta":{"_acf_changed":false,"footnotes":""},"categories":[165],"tags":[],"class_list":["post-350006","post","type-post","status-publish","format-standard","has-post-thumbnail","hentry","category-nordeste"],"acf":[],"_links":{"self":[{"href":"https:\/\/www.notibras.com\/site\/wp-json\/wp\/v2\/posts\/350006","targetHints":{"allow":["GET"]}}],"collection":[{"href":"https:\/\/www.notibras.com\/site\/wp-json\/wp\/v2\/posts"}],"about":[{"href":"https:\/\/www.notibras.com\/site\/wp-json\/wp\/v2\/types\/post"}],"author":[{"embeddable":true,"href":"https:\/\/www.notibras.com\/site\/wp-json\/wp\/v2\/users\/2"}],"replies":[{"embeddable":true,"href":"https:\/\/www.notibras.com\/site\/wp-json\/wp\/v2\/comments?post=350006"}],"version-history":[{"count":4,"href":"https:\/\/www.notibras.com\/site\/wp-json\/wp\/v2\/posts\/350006\/revisions"}],"predecessor-version":[{"id":350011,"href":"https:\/\/www.notibras.com\/site\/wp-json\/wp\/v2\/posts\/350006\/revisions\/350011"}],"wp:featuredmedia":[{"embeddable":true,"href":"https:\/\/www.notibras.com\/site\/wp-json\/wp\/v2\/media\/350007"}],"wp:attachment":[{"href":"https:\/\/www.notibras.com\/site\/wp-json\/wp\/v2\/media?parent=350006"}],"wp:term":[{"taxonomy":"category","embeddable":true,"href":"https:\/\/www.notibras.com\/site\/wp-json\/wp\/v2\/categories?post=350006"},{"taxonomy":"post_tag","embeddable":true,"href":"https:\/\/www.notibras.com\/site\/wp-json\/wp\/v2\/tags?post=350006"}],"curies":[{"name":"wp","href":"https:\/\/api.w.org\/{rel}","templated":true}]}}