{"id":350012,"date":"2025-03-13T03:43:13","date_gmt":"2025-03-13T06:43:13","guid":{"rendered":"https:\/\/www.notibras.com\/site\/?p=350012"},"modified":"2025-03-13T03:47:26","modified_gmt":"2025-03-13T06:47:26","slug":"bolo-de-aniversario-vira-maior-abacaxi-para-ser-descascado-com-cafe","status":"publish","type":"post","link":"https:\/\/www.notibras.com\/site\/bolo-de-aniversario-vira-maior-abacaxi-para-ser-descascado-com-cafe\/","title":{"rendered":"Bolo de anivers\u00e1rio vira maior abacaxi para ser descascado com caf\u00e9"},"content":{"rendered":"<p>Tenho evitado visitar minha m\u00e3e em Taguatinga, tudo por conta de um mal-entendido. Isso como se eu fosse respons\u00e1vel por conhecer tudo sobre minha genitora. Mas como saber, se desconhe\u00e7o at\u00e9 a mim mesma?<\/p>\n<p>Se n\u00e3o amo mam\u00e3e? Que pergunta mais sem-no\u00e7\u00e3o! Pois saiba voc\u00ea que poderia vener\u00e1-la, caso a dita cuja n\u00e3o fosse dessas torcedoras irritantes do Corinthians. Pois \u00e9, do Corinthians! Creio at\u00e9 que ela faz isso de prop\u00f3sito, s\u00f3 porque sou Palmeiras antes mesmo de nascer. Avanti, Porco!<\/p>\n<p>Minha m\u00e3e gosta de se gabar que viu a estreia do S\u00f3crates no Corinthians. Grandes coisas, como se ele fosse mais importante do que o maior dos maiores. Hum! Se o Ademir da Guia dava baile at\u00e9 no Pel\u00e9, voc\u00ea pode imaginar o que faria com o Doutor.<\/p>\n<p>Mas deixemos as pendengas futebol\u00edsticas de lado, pois quero falar sobre algo menos importante. Estava eu no conforto do meu lar, quando a Jaqueline, amiga de longa data de mam\u00e3e, me telefonou.<\/p>\n<p>\u2014 M\u00e1rcia, eu e o pessoal da igreja estamos pensando em fazer uma festa de anivers\u00e1rio para sua m\u00e3e.<\/p>\n<p>\u2014 Hum&#8230;<\/p>\n<p>\u2014 Pois \u00e9, mulher, estamos com uma d\u00favida, que s\u00f3 voc\u00ea pode ajudar.<\/p>\n<p>\u2014 Hum&#8230;<\/p>\n<p>\u2014 Qual o sabor de bolo que a Martinha gosta?<\/p>\n<p>\u2014 Hum&#8230; Abacaxi.<\/p>\n<p>\u2014 Ah, t\u00e1 bom. Obrigada.<\/p>\n<p>A festa aconteceu alguns dias ap\u00f3s esse telefonema e, quase uma semana depois, l\u00e1 estava eu tricotando os \u00faltimos acontecimentos com mam\u00e3e, quando algu\u00e9m gritou l\u00e1 da cal\u00e7ada.<\/p>\n<p>\u2014 Martinha! Martinha!<\/p>\n<p>Minha m\u00e3e j\u00e1 reconheceu a voz da Michele, uma vizinha, que tamb\u00e9m \u00e9 da igreja. Ela n\u00e3o estava s\u00f3, pois trazia a Jaqueline a tiracolo. Em quest\u00e3o de minutos, as duas mulheres estavam na sala tomando caf\u00e9 com bolinho de chuva. Tudo caminhava bem, at\u00e9 que a Jaqueline plantou a disc\u00f3rdia.<\/p>\n<p>\u2014 E a\u00ed, Martinha, gostou da sua festa?<\/p>\n<p>\u2014 Foi quase perfeita.<\/p>\n<p>\u2014 Quase?<\/p>\n<p>\u2014 \u00c9 que odeio bolo de abacaxi.<\/p>\n<p>Nem sei como essa conversa terminou, peguei minha bolsa e inventei uma desculpa qualquer e fui embora. Ah, se tem uma coisa que n\u00e3o suporto \u00e9 essa gente fofoqueira que n\u00e3o tem o que fazer da vida. Como estamos em mar\u00e7o, creio que at\u00e9 o Natal consigo acertar os ponteiros com mam\u00e3e<\/p>\n<p>&#8230;&#8230;&#8230;&#8230;&#8230;&#8230;&#8230;&#8230;&#8230;<\/p>\n<p><strong>Eduardo Mart\u00ednez \u00e9 autor do livro 57 Contos e Cr\u00f4nicas por um Autor Muito Velho\u2019<\/strong><\/p>\n<p>Compre aqui\u00a0<span class=\"x19la9d6 x1fc57z9 x6ikm8r x10wlt62 x19co3pv x1g5zs5t xfibh0p xiy17q3 x1xsqp64 x1lkfr7t xexx8yu x4uap5 x18d9i69 xkhd6sd\"><span class=\"xrtxmta x1bhl96m\"><img decoding=\"async\" class=\"emoji\" role=\"img\" draggable=\"false\" src=\"https:\/\/s.w.org\/images\/core\/emoji\/15.0.3\/svg\/1f447-1f3ff.svg\" alt=\"&#x1f447;&#x1f3ff;\" \/><\/span><\/span><\/p>\n<p><a href=\"https:\/\/www.joanineditora.com.br\/57-contos-e-cronicas-por-um-autor-muito-velho\">https:\/\/www.joanineditora.com.br\/57-contos-e-cronicas-por-um-autor-muito-velho<\/a><\/p>\n","protected":false},"excerpt":{"rendered":"<p>Tenho evitado visitar minha m\u00e3e em Taguatinga, tudo por conta de um mal-entendido. Isso como se eu fosse respons\u00e1vel por conhecer tudo sobre minha genitora. Mas como saber, se desconhe\u00e7o at\u00e9 a mim mesma? Se n\u00e3o amo mam\u00e3e? Que pergunta mais sem-no\u00e7\u00e3o! Pois saiba voc\u00ea que poderia vener\u00e1-la, caso a dita cuja n\u00e3o fosse dessas [&hellip;]<\/p>\n","protected":false},"author":2,"featured_media":350013,"comment_status":"closed","ping_status":"closed","sticky":false,"template":"","format":"standard","meta":{"_acf_changed":false,"footnotes":""},"categories":[161],"tags":[],"class_list":["post-350012","post","type-post","status-publish","format-standard","has-post-thumbnail","hentry","category-quadradinho-em-foco"],"acf":[],"_links":{"self":[{"href":"https:\/\/www.notibras.com\/site\/wp-json\/wp\/v2\/posts\/350012","targetHints":{"allow":["GET"]}}],"collection":[{"href":"https:\/\/www.notibras.com\/site\/wp-json\/wp\/v2\/posts"}],"about":[{"href":"https:\/\/www.notibras.com\/site\/wp-json\/wp\/v2\/types\/post"}],"author":[{"embeddable":true,"href":"https:\/\/www.notibras.com\/site\/wp-json\/wp\/v2\/users\/2"}],"replies":[{"embeddable":true,"href":"https:\/\/www.notibras.com\/site\/wp-json\/wp\/v2\/comments?post=350012"}],"version-history":[{"count":5,"href":"https:\/\/www.notibras.com\/site\/wp-json\/wp\/v2\/posts\/350012\/revisions"}],"predecessor-version":[{"id":350018,"href":"https:\/\/www.notibras.com\/site\/wp-json\/wp\/v2\/posts\/350012\/revisions\/350018"}],"wp:featuredmedia":[{"embeddable":true,"href":"https:\/\/www.notibras.com\/site\/wp-json\/wp\/v2\/media\/350013"}],"wp:attachment":[{"href":"https:\/\/www.notibras.com\/site\/wp-json\/wp\/v2\/media?parent=350012"}],"wp:term":[{"taxonomy":"category","embeddable":true,"href":"https:\/\/www.notibras.com\/site\/wp-json\/wp\/v2\/categories?post=350012"},{"taxonomy":"post_tag","embeddable":true,"href":"https:\/\/www.notibras.com\/site\/wp-json\/wp\/v2\/tags?post=350012"}],"curies":[{"name":"wp","href":"https:\/\/api.w.org\/{rel}","templated":true}]}}