{"id":350027,"date":"2025-03-13T00:30:24","date_gmt":"2025-03-13T03:30:24","guid":{"rendered":"https:\/\/www.notibras.com\/site\/?p=350027"},"modified":"2025-03-13T09:32:56","modified_gmt":"2025-03-13T12:32:56","slug":"hospital-santa-helena-promove-curso-para-gestantes","status":"publish","type":"post","link":"https:\/\/www.notibras.com\/site\/hospital-santa-helena-promove-curso-para-gestantes\/","title":{"rendered":"Hospital Santa Helena promove curso para gestantes"},"content":{"rendered":"<p>Est\u00e3o abertas as inscri\u00e7\u00f5es para o Curso de Gestante do Hospital Santa Helena, da Rede D&#8217;Or S\u00e3o Luiz. No s\u00e1bado, 22 de mar\u00e7o, das 8h \u00e0s 13h, aulas com uma equipe multidisciplinar especializada em maternidade abordar\u00e1 temas como prepara\u00e7\u00e3o para o parto e trabalho de parto, assist\u00eancia da enfermeira obstetra, o papel da doula, anestesia, pediatria, cuidados com o rec\u00e9m-nascido, fisioterapia, fonoaudiologia, amamenta\u00e7\u00e3o e sa\u00fade mental.<\/p>\n<p>O evento ocorrer\u00e1 de forma presencial no audit\u00f3rio do Hospital Santa Helena, localizado no S1. O curso \u00e9 gratuito e as inscri\u00e7\u00f5es devem ser realizadas no site da Rede D\u2019Or \u2013 <a href=\"https:\/\/www.rededorsaoluiz.com.br\/hospital\/santa-helena\/form\/fale-conosco-gestante\">https:\/\/www.rededorsaoluiz.com.br\/hospital\/santa-helena\/form\/fale-conosco-gestante<\/a>. Ap\u00f3s a inscri\u00e7\u00e3o, a equipe far\u00e1 contato telef\u00f4nico para confirma\u00e7\u00e3o. As vagas s\u00e3o limitadas.<\/p>\n<p>&nbsp;<\/p>\n","protected":false},"excerpt":{"rendered":"<p>Est\u00e3o abertas as inscri\u00e7\u00f5es para o Curso de Gestante do Hospital Santa Helena, da Rede D&#8217;Or S\u00e3o Luiz. No s\u00e1bado, 22 de mar\u00e7o, das 8h \u00e0s 13h, aulas com uma equipe multidisciplinar especializada em maternidade abordar\u00e1 temas como prepara\u00e7\u00e3o para o parto e trabalho de parto, assist\u00eancia da enfermeira obstetra, o papel da doula, anestesia, [&hellip;]<\/p>\n","protected":false},"author":2,"featured_media":350028,"comment_status":"closed","ping_status":"closed","sticky":false,"template":"","format":"standard","meta":{"_acf_changed":false,"footnotes":""},"categories":[161],"tags":[],"class_list":["post-350027","post","type-post","status-publish","format-standard","has-post-thumbnail","hentry","category-quadradinho-em-foco"],"acf":[],"_links":{"self":[{"href":"https:\/\/www.notibras.com\/site\/wp-json\/wp\/v2\/posts\/350027","targetHints":{"allow":["GET"]}}],"collection":[{"href":"https:\/\/www.notibras.com\/site\/wp-json\/wp\/v2\/posts"}],"about":[{"href":"https:\/\/www.notibras.com\/site\/wp-json\/wp\/v2\/types\/post"}],"author":[{"embeddable":true,"href":"https:\/\/www.notibras.com\/site\/wp-json\/wp\/v2\/users\/2"}],"replies":[{"embeddable":true,"href":"https:\/\/www.notibras.com\/site\/wp-json\/wp\/v2\/comments?post=350027"}],"version-history":[{"count":1,"href":"https:\/\/www.notibras.com\/site\/wp-json\/wp\/v2\/posts\/350027\/revisions"}],"predecessor-version":[{"id":350029,"href":"https:\/\/www.notibras.com\/site\/wp-json\/wp\/v2\/posts\/350027\/revisions\/350029"}],"wp:featuredmedia":[{"embeddable":true,"href":"https:\/\/www.notibras.com\/site\/wp-json\/wp\/v2\/media\/350028"}],"wp:attachment":[{"href":"https:\/\/www.notibras.com\/site\/wp-json\/wp\/v2\/media?parent=350027"}],"wp:term":[{"taxonomy":"category","embeddable":true,"href":"https:\/\/www.notibras.com\/site\/wp-json\/wp\/v2\/categories?post=350027"},{"taxonomy":"post_tag","embeddable":true,"href":"https:\/\/www.notibras.com\/site\/wp-json\/wp\/v2\/tags?post=350027"}],"curies":[{"name":"wp","href":"https:\/\/api.w.org\/{rel}","templated":true}]}}